{"id":5479,"date":"2016-12-06T10:49:10","date_gmt":"2016-12-06T13:49:10","guid":{"rendered":"http:\/\/actualidadadiario.com\/site\/?p=5479"},"modified":"2016-12-06T10:49:10","modified_gmt":"2016-12-06T13:49:10","slug":"preocupa-la-eliminacion-de-los-feriados-puente","status":"publish","type":"post","link":"https:\/\/www.actualidadadiario.com\/index.php\/2016\/12\/06\/preocupa-la-eliminacion-de-los-feriados-puente\/","title":{"rendered":"Preocupa la eliminaci\u00f3n de los feriados puente"},"content":{"rendered":"<p><em><strong>Jefes comunales y la C\u00e1mara de Turismo pidieron que no se reduzcan los feriados en 2017<\/strong><\/em><\/p>\n<p>&nbsp;<\/p>\n<p>&nbsp;<\/p>\n<p>&nbsp;<\/p>\n<p>&nbsp;<\/p>\n<p>&nbsp;<\/p>\n<p>Distintos jefes comunales de localidades tur\u00edsticas entrerrianas expresaron su preocupaci\u00f3n ante la posibilidad de eliminar los &#8220;feriados puente&#8221; para el a\u00f1o pr\u00f3ximo. Esto se debe al impacto que generar\u00eda al reducir la cantidad de visitantes a las localidades entrerrianas, restringiendo la actividad econ\u00f3mica de diferentes municipios. El intendente de Federaci\u00f3n, Carlos Cecco, expres\u00f3: &#8220;A las zonas tur\u00edsticas nos afecta en forma directa, tendr\u00e1 mucha incidencia, porque afectar\u00e1 la cantidad de turistas que vienen cuando hay un fin de semana largo, un hecho que fue muy notable no solo en Federaci\u00f3n sino en todo Entre R\u00edos. Seguiremos bregando para que se pueda modificar, porque es una decisi\u00f3n que ya est\u00e1 tomada&#8221;.<\/p>\n<p>&nbsp;<\/p>\n<p>&#8220;Es un problema que debemos hablar a nivel de legisladores y gobernadores, porque los intendentes ya manifestamos nuestra preocupaci\u00f3n, pero la decisi\u00f3n pol\u00edtica depende de ellos&#8221;, apunt\u00f3.<\/p>\n<p>&nbsp;<\/p>\n<p>A la vez, Cecco cont\u00f3 que Bordet dialogar\u00eda para analizar la posibilidad de modificar la ley: &#8220;No integralmente, pero al menos buscar alg\u00fan fin de semana puente que no perjudique la producci\u00f3n. Buscar un equilibrio ser\u00eda lo m\u00e1s sensato. Lo ideal es que se pueda llevar a cabo el 50% (de los feriados puente)&#8221;.<\/p>\n<p>&nbsp;<\/p>\n<p>Por su parte, el intendente de Villa Elisa, Leandro Arribalzaga, coment\u00f3 el impacto de la posible anulaci\u00f3n de los feriados puente.<\/p>\n<p>&nbsp;<\/p>\n<p>&#8220;En la ciudad, a nosotros nos beneficia sobremanera el turismo que se moviliza en esas fechas. En lo tur\u00edstico hay un perjuicio para la ciudad porque se complica la visita a cada una de las localidades que viven del turismo. Tendr\u00e1 alg\u00fan impacto su eliminaci\u00f3n&#8221;.<\/p>\n<p>&nbsp;<\/p>\n<p>Adem\u00e1s a\u00f1adi\u00f3: &#8220;En el Congreso lo vamos a acompa\u00f1ar si se suman esfuerzos de varias provincias y si se hace un planteo conjunto.&#8221;<\/p>\n<p>&nbsp;<\/p>\n<p>&nbsp;<\/p>\n<p>&nbsp;<\/p>\n<p>&nbsp;<\/p>\n<p>&nbsp;<\/p>\n<p><strong>C\u00e1mara de Turismo avala el pedido<\/strong><\/p>\n<p>Desde la C\u00e1mara Entrerriana de Turismo respaldan la postura del gobernador, Gustavo Bordet, y destacaron la importancia de que no se reduzca la cantidad de feriados y fines de semana largos en 2017. El presidente de la instituci\u00f3n, Sebasti\u00e1n Bel, indic\u00f3 que la C\u00e1mara, formada por 18 instituciones de toda la provincia, est\u00e1 &#8220;totalmente de acuerdo con el reordenamiento de los feriados y fines de semana largos, por lo tanto defiende esta herramienta que hizo que la provincia de Entre R\u00edos se haya posicionado tur\u00edsticamente durante todo el a\u00f1o&#8221;.<\/p>\n<p>&nbsp;<\/p>\n<p>Seg\u00fan agreg\u00f3 el dirigente, tambi\u00e9n defienden el comunicado que la semana pasada emiti\u00f3 el Consejo Federal de Turismo, en el que todos los ministros y secretario de Turismo apoyaron continuar con la modalidad: &#8220;El Decreto de Necesidad y Urgencia (N\u00ba 1.768\/2013) que establec\u00eda los feriados y fines de semana largos establec\u00eda un cronograma uno o dos a\u00f1os antes&#8221;.<\/p>\n<p>&nbsp;<\/p>\n<p>Bel afirm\u00f3 adem\u00e1s que el perfil del turista cambi\u00f3 y ya no se puede tomar 21 d\u00edas de vacaciones: &#8220;S\u00ed se puede hacer escapadas de dos o tres d\u00edas durante el a\u00f1o y viajaba la misma cantidad de d\u00edas&#8221;, dijo.<\/p>\n","protected":false},"excerpt":{"rendered":"<p>Jefes comunales y la C\u00e1mara de Turismo pidieron que no se reduzcan los feriados en 2017 &nbsp; &nbsp; &nbsp; &nbsp; &nbsp; Distintos jefes comunales de localidades tur\u00edsticas entrerrianas expresaron su preocupaci\u00f3n ante la posibilidad de eliminar los &#8220;feriados puente&#8221; para el a\u00f1o pr\u00f3ximo. Esto se debe al impacto que generar\u00eda al reducir la cantidad de visitantes a las localidades entrerrianas, restringiendo la actividad econ\u00f3mica de diferentes municipios. El intendente de Federaci\u00f3n, Carlos Cecco, expres\u00f3: &#8220;A las zonas tur\u00edsticas nos afecta en forma directa, tendr\u00e1 mucha incidencia, porque afectar\u00e1 la cantidad&#8230;<\/p>\n","protected":false},"author":3,"featured_media":5480,"comment_status":"closed","ping_status":"closed","sticky":false,"template":"","format":"standard","meta":[],"categories":[9],"tags":[],"_links":{"self":[{"href":"https:\/\/www.actualidadadiario.com\/index.php\/wp-json\/wp\/v2\/posts\/5479"}],"collection":[{"href":"https:\/\/www.actualidadadiario.com\/index.php\/wp-json\/wp\/v2\/posts"}],"about":[{"href":"https:\/\/www.actualidadadiario.com\/index.php\/wp-json\/wp\/v2\/types\/post"}],"author":[{"embeddable":true,"href":"https:\/\/www.actualidadadiario.com\/index.php\/wp-json\/wp\/v2\/users\/3"}],"replies":[{"embeddable":true,"href":"https:\/\/www.actualidadadiario.com\/index.php\/wp-json\/wp\/v2\/comments?post=5479"}],"version-history":[{"count":1,"href":"https:\/\/www.actualidadadiario.com\/index.php\/wp-json\/wp\/v2\/posts\/5479\/revisions"}],"predecessor-version":[{"id":5481,"href":"https:\/\/www.actualidadadiario.com\/index.php\/wp-json\/wp\/v2\/posts\/5479\/revisions\/5481"}],"wp:featuredmedia":[{"embeddable":true,"href":"https:\/\/www.actualidadadiario.com\/index.php\/wp-json\/wp\/v2\/media\/5480"}],"wp:attachment":[{"href":"https:\/\/www.actualidadadiario.com\/index.php\/wp-json\/wp\/v2\/media?parent=5479"}],"wp:term":[{"taxonomy":"category","embeddable":true,"href":"https:\/\/www.actualidadadiario.com\/index.php\/wp-json\/wp\/v2\/categories?post=5479"},{"taxonomy":"post_tag","embeddable":true,"href":"https:\/\/www.actualidadadiario.com\/index.php\/wp-json\/wp\/v2\/tags?post=5479"}],"curies":[{"name":"wp","href":"https:\/\/api.w.org\/{rel}","templated":true}]}}