{"id":54763,"date":"2019-11-27T10:33:56","date_gmt":"2019-11-27T13:33:56","guid":{"rendered":"https:\/\/www.actualidadadiario.com\/?p=54763"},"modified":"2019-11-27T10:33:56","modified_gmt":"2019-11-27T13:33:56","slug":"beliz-se-convierte-en-el-asesor-clave-del-gobierno-de-alberto","status":"publish","type":"post","link":"https:\/\/www.actualidadadiario.com\/index.php\/2019\/11\/27\/beliz-se-convierte-en-el-asesor-clave-del-gobierno-de-alberto\/","title":{"rendered":"B\u00e9liz se convierte en el asesor clave del gobierno de Alberto"},"content":{"rendered":"<p style=\"text-align: center;\"><em><strong>Adem\u00e1s de un plan ambicioso para justicia y seguridad, se mete en temas de Trabajo y podr\u00eda absorber \u00e1reas de tecnolog\u00eda<\/strong><\/em><\/p>\n<p>&nbsp;<\/p>\n<p>&nbsp;<\/p>\n<p>Gustavo B\u00e9liz se convirti\u00f3 en el consejero que m\u00e1s escucha Alberto Fern\u00e1ndez y tendr\u00e1 un rol clave en el nuevo Gobierno que arranca en dos semanas.<\/p>\n<p>El ex ministro de Carlos Menem y N\u00e9stor Kirchner es n\u00famero puesto para suceder al macrista Fulvio Pompeo en la secretar\u00eda de Asuntos Estrat\u00e9gicos de la jefatura de gabinete. Si bien no se trata de un cargo de renombre en el Gobierno, tiene su oficina a metros del despacho del presidente en Casa Rosada.<\/p>\n<p>B\u00e9liz se gan\u00f3 la confianza de Alberto por intermedio de Eduardo Vald\u00e9s, quien los acerc\u00f3 en una reuni\u00f3n realizada meses atr\u00e1s en el departamento del presidente electo en Puerto Madero. Desde entonces es un hombre de consulta diaria para Fern\u00e1ndez sobre varios temas.<\/p>\n<p>B\u00e9liz fue quien le present\u00f3 un ambicioso plan de seguridad y justicia. La idea de B\u00e9liz, que vivi\u00f3 en EEUU en la \u00faltima d\u00e9cada, es replicar el Consejo Nacional de Seguridad que tienen los norteamericanos.<\/p>\n<p>Pero tambi\u00e9n B\u00e9liz comenz\u00f3 a tener di\u00e1logos con sindicalistas y a inmiscuirse en las cuestiones de empleo. Este lunes encabez\u00f3 una conferencia titulada &#8220;Dignidad y Futuro del Trabajo frente al cambio Tecnol\u00f3gico Exponencial&#8221; en la Universidad Tecnol\u00f3gica Nacional (UTN). Con el mismo tenor, este mi\u00e9rcoles B\u00e9liz se mostrar\u00e1 en Parque Norte con Armando Cavalieri, titular del sindicato de Comercio, para presentar el &#8220;Instituto de Inteligencia Artificial para el nuevo desarrollo argentino&#8221;.<\/p>\n<p>La tecnolog\u00eda es uno de los temas que obsesiona a B\u00e9liz y por eso podr\u00eda absorber \u00e1reas vinculadas a ese sector, como Arsat, la empresa de sat\u00e9lites y telecomunicaciones del Estado.<\/p>\n<p>Como Pompeo, B\u00e9liz planea tener vuelo en la pol\u00edtica exterior, sobre todo por los v\u00ednculos que gener\u00f3 en el continente americano en los \u00faltimos a\u00f1os. Desde 2014 B\u00e9liz est\u00e1 ligado al Banco Interamericano de Desarrollo (BID), como director del Instituto para la Integraci\u00f3n de Am\u00e9rica Latina y el Caribe. En el BID B\u00e9liz trabaja propuestas de modernizaci\u00f3n del Estado, que interesan particularmente a Fern\u00e1ndez.<\/p>\n<p>Incluso se rumorea que a B\u00e9liz le gustar\u00eda presidir el organismo multilateral el a\u00f1o que viene, heredando as\u00ed los votos que ten\u00eda Rogelio Frigerio para llegar a ese puesto en Washington si Mauricio Macri era reelecto. En la Rosada aseguraron que el ministro del Interior sigue en carrera para el cargo internacional. De todas maneras se ve lejana esa posibilidad a 14 d\u00edas del recambio de gobierno y por eso B\u00e9liz est\u00e1 concentrado en la cuesti\u00f3n argentina.<\/p>\n","protected":false},"excerpt":{"rendered":"<p>Adem\u00e1s de un plan ambicioso para justicia y seguridad, se mete en temas de Trabajo y podr\u00eda absorber \u00e1reas de tecnolog\u00eda &nbsp; &nbsp; Gustavo B\u00e9liz se convirti\u00f3 en el consejero que m\u00e1s escucha Alberto Fern\u00e1ndez y tendr\u00e1 un rol clave en el nuevo Gobierno que arranca en dos semanas. El ex ministro de Carlos Menem y N\u00e9stor Kirchner es n\u00famero puesto para suceder al macrista Fulvio Pompeo en la secretar\u00eda de Asuntos Estrat\u00e9gicos de la jefatura de gabinete. Si bien no se trata de un cargo de renombre en el&#8230;<\/p>\n","protected":false},"author":3,"featured_media":54764,"comment_status":"closed","ping_status":"closed","sticky":false,"template":"","format":"standard","meta":[],"categories":[18],"tags":[],"_links":{"self":[{"href":"https:\/\/www.actualidadadiario.com\/index.php\/wp-json\/wp\/v2\/posts\/54763"}],"collection":[{"href":"https:\/\/www.actualidadadiario.com\/index.php\/wp-json\/wp\/v2\/posts"}],"about":[{"href":"https:\/\/www.actualidadadiario.com\/index.php\/wp-json\/wp\/v2\/types\/post"}],"author":[{"embeddable":true,"href":"https:\/\/www.actualidadadiario.com\/index.php\/wp-json\/wp\/v2\/users\/3"}],"replies":[{"embeddable":true,"href":"https:\/\/www.actualidadadiario.com\/index.php\/wp-json\/wp\/v2\/comments?post=54763"}],"version-history":[{"count":1,"href":"https:\/\/www.actualidadadiario.com\/index.php\/wp-json\/wp\/v2\/posts\/54763\/revisions"}],"predecessor-version":[{"id":54765,"href":"https:\/\/www.actualidadadiario.com\/index.php\/wp-json\/wp\/v2\/posts\/54763\/revisions\/54765"}],"wp:featuredmedia":[{"embeddable":true,"href":"https:\/\/www.actualidadadiario.com\/index.php\/wp-json\/wp\/v2\/media\/54764"}],"wp:attachment":[{"href":"https:\/\/www.actualidadadiario.com\/index.php\/wp-json\/wp\/v2\/media?parent=54763"}],"wp:term":[{"taxonomy":"category","embeddable":true,"href":"https:\/\/www.actualidadadiario.com\/index.php\/wp-json\/wp\/v2\/categories?post=54763"},{"taxonomy":"post_tag","embeddable":true,"href":"https:\/\/www.actualidadadiario.com\/index.php\/wp-json\/wp\/v2\/tags?post=54763"}],"curies":[{"name":"wp","href":"https:\/\/api.w.org\/{rel}","templated":true}]}}