{"id":54761,"date":"2019-11-27T10:33:00","date_gmt":"2019-11-27T13:33:00","guid":{"rendered":"https:\/\/www.actualidadadiario.com\/?p=54761"},"modified":"2019-11-27T10:33:00","modified_gmt":"2019-11-27T13:33:00","slug":"comite-de-fiscales-considero-que-rebeldia-de-stornelli-amerita-juicio-politico","status":"publish","type":"post","link":"https:\/\/www.actualidadadiario.com\/index.php\/2019\/11\/27\/comite-de-fiscales-considero-que-rebeldia-de-stornelli-amerita-juicio-politico\/","title":{"rendered":"Comit\u00e9 de fiscales consider\u00f3 que rebeld\u00eda de Stornelli amerita juicio pol\u00edtico"},"content":{"rendered":"<p style=\"text-align: center;\"><em><strong>Conclusi\u00f3n \u2013por mayor\u00eda- fue entregada hace 15 d\u00edas, pero no fue difundida. Coincidi\u00f3 con el anuncio del fiscal para comparecer ante Ramos Padilla. Si se presenta el viernes, podr\u00eda ser declarado abstracto. Se difiri\u00f3 eventual suspensi\u00f3n al avance de la acusaci\u00f3n en su contra<\/strong><\/em><\/p>\n<p>&nbsp;<\/p>\n<p>&nbsp;<\/p>\n<p>El Comit\u00e9 Evaluador del Ministerio P\u00fablico Fiscal \u2013integrado por cinco fiscales generales- decidi\u00f3, por mayor\u00eda, que corresponde que se abra la instancia de juicio pol\u00edtico respecto al fiscal federal Carlos Stornelli por su reticencia a comparecer en indagatoria ante el juez de Dolores Alejo Ramos Padilla.<\/p>\n<p>El dictamen no vinculante, con los votos de sus integrantes, fue entregado hace 15 d\u00edas, pero la Procuraci\u00f3n General que comanda interinamente Eduardo Casal no lo hizo p\u00fablico todav\u00eda. Es que, probablemente, la cuesti\u00f3n quede \u201cabstracta\u201d si es que el investigador de la causa \u201ccuadernos\u201d se presenta este viernes en el juzgado que investiga la maniobra de espionaje ilegal y extorsi\u00f3n que tiene como protagonista al falso abogado Marcelo D\u00b4Alessio.<\/p>\n<p>La opini\u00f3n del Comit\u00e9 era parte del tr\u00e1mite administrativo previo a que el jefe de los fiscales tuviera que tomar una decisi\u00f3n respecto de la suerte de Stornelli, al que tambi\u00e9n se le inici\u00f3 otro proceso disciplinario desprendido de los cargos que tiene en su contra por su interacci\u00f3n con el esp\u00eda detenido.<\/p>\n<p>La entrega de los 5 votos individuales respecto a la situaci\u00f3n de rebeld\u00eda dictada contra Stornelli por no haberse presentado a indagatoria desde el 27 de febrero coincidi\u00f3 cronol\u00f3gicamente con el anuncio p\u00fablico del fiscal de que iba a presentarse en Dolores, el pasado 5 de noviembre.<\/p>\n<p>Las opiniones que conformaron la mayor\u00eda corresponden al fiscal general Alejandro Alagia, de la Procuradur\u00eda de Delitos de Lesa Humanidad, y a los fiscales generales ante los Tribunales Orales en lo Criminal Alejandra Garc\u00eda Netto y Guillermo P\u00e9rez de la Fuente. Mientras que otro de sus pares Oscar Ciruzzi tuvo una opini\u00f3n m\u00e1s neutra pero acompa\u00f1ando al fondo de la decisi\u00f3n, respecto a la pertinencia de habilitar la instancia ante el Tribunal de Enjuiciamiento del Ministerio P\u00fablico Fiscal pero con una intimaci\u00f3n de Casal previa. Al contrario del fiscal de La Plata Julio Piaggio \u2013ingresado a ese comit\u00e9 durante el interinato de Casal- que se opuso a la apertura de un proceso disciplinario que pudiera derivar en el jury a Stornelli.<\/p>\n<p>Inmediatamente, y a trav\u00e9s de su entonces abogado, Roberto Ribas, el investigador de \u201ccuadernos\u201d formaliz\u00f3 su intenci\u00f3n de presentarse a declarar tambi\u00e9n ante la Procuraci\u00f3n, ante la secretar\u00eda especial que se ocupa de los asuntos disciplinarios, a cargo de Juan Manuel Casanovas. Ramos Padilla lo cit\u00f3 para el 15 de noviembre pero s\u00fabitamente, a tres d\u00edas de tener que asistir, modific\u00f3 su defensor, por lo que la audiencia debi\u00f3 reprogramarse para el 29.<\/p>\n<p>En el camino, el juez rechaz\u00f3 a su nuevo abogado pero dej\u00f3 firme la convocatoria. Ya hab\u00eda advertido que en esa ocasi\u00f3n deber\u00eda tener un letrado privado, un defensor oficial o autor representarse por su profesi\u00f3n de abogado. Si la cita se efectiviza, el proceso disciplinario que sugiri\u00f3 al Procurador iniciar el tr\u00e1mite de elevaci\u00f3n a juicio pol\u00edtico derivar\u00eda en una situaci\u00f3n abstracta. Tal vez sea el motivo por el cual el dictamen se guard\u00f3 bajo siete llaves.<\/p>\n<p>Hubo dilaciones en los plazos porque aguardaron la presencia de todos los integrantes del Comit\u00e9 para entregar sus conclusiones. Desde la Procuraci\u00f3n aseguraron que todo el proceso disciplinario, por tratarse de una cuesti\u00f3n sensible, fue resguardado respecto de su publicidad, incluso internamente, lo que no evit\u00f3 que hubiese especulaciones y filtraciones respecto a las definiciones del comit\u00e9.<\/p>\n<p>Respecto al otro proceso, iniciado a partir de los 8 hechos que se le imputan a Stornelli respecto a la investigaci\u00f3n de Dolores, la conclusi\u00f3n fue m\u00e1s cauta: aguardar al resultado de la investigaci\u00f3n judicial para analizar si corresponde avalar una suspensi\u00f3n que, aunque no vinculante, quedar\u00e1 en manos de Casal, con la decisi\u00f3n final.<\/p>\n<p>Todo se resolver\u00eda \u2013al menos en lo formal- si el fiscal asiste el viernes a Dolores. De todas formas, los plazos se estiraron al m\u00e1ximo de lo institucionalmente tolerable, tensando al m\u00e1ximo el clima interno entre los fiscales, algunos de los cuales, cr\u00edticos de las dilaciones, apuntan a que todo el proceso deber\u00eda ser auditado por la Comisi\u00f3n Bicameral Permanente de Seguimiento y Control del Ministerio P\u00fablico Fiscal del Congreso.<\/p>\n","protected":false},"excerpt":{"rendered":"<p>Conclusi\u00f3n \u2013por mayor\u00eda- fue entregada hace 15 d\u00edas, pero no fue difundida. Coincidi\u00f3 con el anuncio del fiscal para comparecer ante Ramos Padilla. Si se presenta el viernes, podr\u00eda ser declarado abstracto. Se difiri\u00f3 eventual suspensi\u00f3n al avance de la acusaci\u00f3n en su contra &nbsp; &nbsp; El Comit\u00e9 Evaluador del Ministerio P\u00fablico Fiscal \u2013integrado por cinco fiscales generales- decidi\u00f3, por mayor\u00eda, que corresponde que se abra la instancia de juicio pol\u00edtico respecto al fiscal federal Carlos Stornelli por su reticencia a comparecer en indagatoria ante el juez de Dolores Alejo&#8230;<\/p>\n","protected":false},"author":3,"featured_media":53738,"comment_status":"closed","ping_status":"closed","sticky":false,"template":"","format":"standard","meta":[],"categories":[18],"tags":[],"_links":{"self":[{"href":"https:\/\/www.actualidadadiario.com\/index.php\/wp-json\/wp\/v2\/posts\/54761"}],"collection":[{"href":"https:\/\/www.actualidadadiario.com\/index.php\/wp-json\/wp\/v2\/posts"}],"about":[{"href":"https:\/\/www.actualidadadiario.com\/index.php\/wp-json\/wp\/v2\/types\/post"}],"author":[{"embeddable":true,"href":"https:\/\/www.actualidadadiario.com\/index.php\/wp-json\/wp\/v2\/users\/3"}],"replies":[{"embeddable":true,"href":"https:\/\/www.actualidadadiario.com\/index.php\/wp-json\/wp\/v2\/comments?post=54761"}],"version-history":[{"count":1,"href":"https:\/\/www.actualidadadiario.com\/index.php\/wp-json\/wp\/v2\/posts\/54761\/revisions"}],"predecessor-version":[{"id":54762,"href":"https:\/\/www.actualidadadiario.com\/index.php\/wp-json\/wp\/v2\/posts\/54761\/revisions\/54762"}],"wp:featuredmedia":[{"embeddable":true,"href":"https:\/\/www.actualidadadiario.com\/index.php\/wp-json\/wp\/v2\/media\/53738"}],"wp:attachment":[{"href":"https:\/\/www.actualidadadiario.com\/index.php\/wp-json\/wp\/v2\/media?parent=54761"}],"wp:term":[{"taxonomy":"category","embeddable":true,"href":"https:\/\/www.actualidadadiario.com\/index.php\/wp-json\/wp\/v2\/categories?post=54761"},{"taxonomy":"post_tag","embeddable":true,"href":"https:\/\/www.actualidadadiario.com\/index.php\/wp-json\/wp\/v2\/tags?post=54761"}],"curies":[{"name":"wp","href":"https:\/\/api.w.org\/{rel}","templated":true}]}}