{"id":54758,"date":"2019-11-27T10:32:12","date_gmt":"2019-11-27T13:32:12","guid":{"rendered":"https:\/\/www.actualidadadiario.com\/?p=54758"},"modified":"2019-11-27T10:32:12","modified_gmt":"2019-11-27T13:32:12","slug":"el-peronismo-se-unifico-en-el-senado-y-eligio-a-mayans-como-jefe","status":"publish","type":"post","link":"https:\/\/www.actualidadadiario.com\/index.php\/2019\/11\/27\/el-peronismo-se-unifico-en-el-senado-y-eligio-a-mayans-como-jefe\/","title":{"rendered":"El peronismo se unific\u00f3 en el Senado y eligi\u00f3 a Mayans como jefe"},"content":{"rendered":"<p style=\"text-align: center;\"><em><strong>Reemplazar\u00e1 al cordob\u00e9s Carlos Caserio. Se incorporan los bloques provinciales, la santiague\u00f1a Abdala ser\u00e1 la presidenta provisional y Closs vice de la C\u00e1mara<\/strong><\/em><\/p>\n<p>&nbsp;<\/p>\n<p>&nbsp;<\/p>\n<p>Jos\u00e9 Mayans confirm\u00f3 este martes que ser\u00e1 jefe del bloque de senadores del peronismo, donde se unificar\u00e1n sus ex compa\u00f1eros de Argentina Federal, la bancada de los gobernadores durante el macrismo, con el kirchnerismo y los reci\u00e9n llegados en la lista de Frente de Todos, sea cual sea su procedencia.<\/p>\n<p>Frente de Todos se llamar\u00e1 la bancada\u00a0 y la integrar\u00e1n los senadores que hasta ahora funcionaron como partidos provinciales como fueron los de Santiago del Estero, Misiones y La Pampa, todos con su premio. Claudia Ledesma Abadala, al esposa del gobernador Gerardo Zamora, ser\u00e1 presidenta provisional; el misionero Maurice Closs ser\u00e1 vice primero y el pampeano Daniel Lovera seguir\u00e1 en la Comisi\u00f3n de Trabajo.<\/p>\n<p>La vicejefa de bloque ser\u00e1 la mendocina Anabel Fern\u00e1ndez Sagasti, la preferida de Cristina Kirchner y mencionada el \u00faltimo mes como posible titular de la bancada, motivo de mucho nerviosismo de los senadores con terminal en las gobernaciones. Presidir\u00e1 adem\u00e1s la estrat\u00e9gica Comisi\u00f3n de Acuerdos y su primera tarea ser\u00e1 revisar 130 pliegos enviados por Macri y pendientes de aprobaci\u00f3n.<\/p>\n<p>Mayans hizo el anuncio tras una reuni\u00f3n con los senadores electos que jurar\u00e1n ma\u00f1ana y un rato antes lo hab\u00eda hablado con sus a\u00fan compa\u00f1eros de Argentina Federal. En ambas fue Carlos Caserio, corrido de la presidencia de bloque por su insistencia en mantener identidades divididas entre peronistas cl\u00e1sicos y kirchneristas.<\/p>\n<p>Alberto Fern\u00e1ndez le ofreci\u00f3 el Ministerio de Transporte pero a\u00fan no respondi\u00f3, las negociaciones se dilataron y esta tarde se mostr\u00f3 como un senador raso, decidido a continuar en el bloque sin cargo. Se rumoreaba que en el Ejecutivo no confiaban en sus sucesores y prefer\u00edan que continuara en su banca, pero la oferta sigue en pie y la reuni\u00f3n decisiva no lleg\u00f3.<\/p>\n<p>&#8220;Me voy a juntar con el presidente electo, vamos a charlar un poco sobre estos temas y tomaremos la decisi\u00f3n en conjunto. As\u00ed que hasta que no lo haga, no estoy en condiciones de adelantar nada&#8221;, dijo en las radios cordobesas.<\/p>\n<p>&#8220;Caserio sigue en el bloque. El acuerdo es de todas las partes y entender que la patria est\u00e1 primero, despu\u00e9s el movimiento y luego los hombres. Y los problemas peque\u00f1os han sido dejado de lado&#8221;, dijo Mayans en la ca\u00f3tica rueda de prensa que brind\u00f3 con las nuevas autoridades del peronismo y de la C\u00e1mara alta.<\/p>\n<p>Celebr\u00f3 que tendr\u00e1n 41 senadores, cuatro m\u00e1s que la mayor\u00eda propia del Senado, suficiente para manejar la agenda a gusto y aprobar cada proyecto pedido por el poder Ejecutivo. &#8220;La principal preocupaci\u00f3n es por el pa\u00eds. Tenemos un endeudamiento p\u00fablico, que supera pr\u00e1cticamente el 100% del PBI. El endeudamiento del Banco Central, el \u00edndice de pobreza, de indigencia y la inflaci\u00f3n&#8221;, enumer\u00f3.<\/p>\n<p>Anticip\u00f3 que en diciembre se discutir\u00e1 el presupuesto y otras leyes que env\u00ede Alberto. Se escap\u00f3 de la pregunta sobre la ley del aborto que anunci\u00f3 el electo jefe de Estado y de la que el a\u00f1o pasado fue un ferviente opositor. &#8220;Empecemos por lo urgente, las prioridades que necesita el Poder Ejecutivo. Despu\u00e9s veremos los temas que se presentan&#8221;.<\/p>\n<p>Zamora celebr\u00f3 su cargo, el mismo que ocup\u00f3 su esposo entre 2013 y 2015, los \u00faltimos dos a\u00f1os de Cristina como presidenta. &#8220;En Santiago del Estero hubo un respaldo popular muy fuerte&#8221; al gobierno que asume el 10 de diciembre, remarc\u00f3 la a\u00fan diputada. Jura ma\u00f1ana junto a los electos el 27 de octubre. La mayor\u00eda del Frente Todos.<\/p>\n","protected":false},"excerpt":{"rendered":"<p>Reemplazar\u00e1 al cordob\u00e9s Carlos Caserio. Se incorporan los bloques provinciales, la santiague\u00f1a Abdala ser\u00e1 la presidenta provisional y Closs vice de la C\u00e1mara &nbsp; &nbsp; Jos\u00e9 Mayans confirm\u00f3 este martes que ser\u00e1 jefe del bloque de senadores del peronismo, donde se unificar\u00e1n sus ex compa\u00f1eros de Argentina Federal, la bancada de los gobernadores durante el macrismo, con el kirchnerismo y los reci\u00e9n llegados en la lista de Frente de Todos, sea cual sea su procedencia. Frente de Todos se llamar\u00e1 la bancada\u00a0 y la integrar\u00e1n los senadores que hasta ahora&#8230;<\/p>\n","protected":false},"author":3,"featured_media":54759,"comment_status":"closed","ping_status":"closed","sticky":false,"template":"","format":"standard","meta":[],"categories":[18],"tags":[],"_links":{"self":[{"href":"https:\/\/www.actualidadadiario.com\/index.php\/wp-json\/wp\/v2\/posts\/54758"}],"collection":[{"href":"https:\/\/www.actualidadadiario.com\/index.php\/wp-json\/wp\/v2\/posts"}],"about":[{"href":"https:\/\/www.actualidadadiario.com\/index.php\/wp-json\/wp\/v2\/types\/post"}],"author":[{"embeddable":true,"href":"https:\/\/www.actualidadadiario.com\/index.php\/wp-json\/wp\/v2\/users\/3"}],"replies":[{"embeddable":true,"href":"https:\/\/www.actualidadadiario.com\/index.php\/wp-json\/wp\/v2\/comments?post=54758"}],"version-history":[{"count":1,"href":"https:\/\/www.actualidadadiario.com\/index.php\/wp-json\/wp\/v2\/posts\/54758\/revisions"}],"predecessor-version":[{"id":54760,"href":"https:\/\/www.actualidadadiario.com\/index.php\/wp-json\/wp\/v2\/posts\/54758\/revisions\/54760"}],"wp:featuredmedia":[{"embeddable":true,"href":"https:\/\/www.actualidadadiario.com\/index.php\/wp-json\/wp\/v2\/media\/54759"}],"wp:attachment":[{"href":"https:\/\/www.actualidadadiario.com\/index.php\/wp-json\/wp\/v2\/media?parent=54758"}],"wp:term":[{"taxonomy":"category","embeddable":true,"href":"https:\/\/www.actualidadadiario.com\/index.php\/wp-json\/wp\/v2\/categories?post=54758"},{"taxonomy":"post_tag","embeddable":true,"href":"https:\/\/www.actualidadadiario.com\/index.php\/wp-json\/wp\/v2\/tags?post=54758"}],"curies":[{"name":"wp","href":"https:\/\/api.w.org\/{rel}","templated":true}]}}