{"id":54756,"date":"2019-11-27T10:30:59","date_gmt":"2019-11-27T13:30:59","guid":{"rendered":"https:\/\/www.actualidadadiario.com\/?p=54756"},"modified":"2019-11-27T10:30:59","modified_gmt":"2019-11-27T13:30:59","slug":"alberto-marca-linea-y-adelanta-que-no-pedira-al-fmi-los-us11-000-m-pendientes","status":"publish","type":"post","link":"https:\/\/www.actualidadadiario.com\/index.php\/2019\/11\/27\/alberto-marca-linea-y-adelanta-que-no-pedira-al-fmi-los-us11-000-m-pendientes\/","title":{"rendered":"Alberto marca l\u00ednea y adelanta que no pedir\u00e1 al FMI los US$11.000 M pendientes"},"content":{"rendered":"<p style=\"text-align: center;\"><em><strong>El presidente electo Alberto Fern\u00e1ndez anticip\u00f3 ayer que no pedir\u00e1 los 11 mil millones de d\u00f3lares que a\u00fan le restan desembolsar al FMI &#8220;porque no es la soluci\u00f3n&#8221;, se\u00f1al\u00f3 que su mayor deseo es que haya un acuerdo regional con la Uni\u00f3n Europea pero al no conocer &#8220;la letra&#8221; del mismo &#8220;habr\u00e1 que estudiarlo primero&#8221;. Adem\u00e1s, destac\u00f3 que Am\u00e9rica Latina mira con &#8220;expectativas y esperanzas&#8221; el proceso pol\u00edtico Argentino que desemboc\u00f3 en el triunfo del peronismo, a partir del cual se desat\u00f3 en el continente &#8220;una demanda social que parec\u00eda dormida&#8221;<\/strong><\/em><\/p>\n<p>&nbsp;<\/p>\n<p>&#8220;Estamos en un punto ideal, todos de acuerdo en lo que debemos hacer y no escucho a nadie pedirme ajuste en la econom\u00eda&#8221;, dijo Fern\u00e1ndez en una extensa entrevista concedida al programa que conduce Alejandro Dolina en Radio con Vos, en la que adem\u00e1s advirti\u00f3 que &#8220;en Argentina se ha ajustado tanto que dejaron de dar vacunas&#8221; y &#8220;reaparecieron enfermedades&#8221; como el &#8220;sarampi\u00f3n&#8221;, la &#8220;varicela&#8221; o la &#8220;tuberculosis&#8221;, tema que dijo haber conversado con Kristalina Georgieva, directora del FMI.<\/p>\n<p>Fern\u00e1ndez dijo hacer hincapi\u00e9 sobre ese tema &#8220;para que la gente entienda la dimensi\u00f3n del ajuste. Cuando se lleg\u00f3 a esto es porque fue mucho lo que se hizo&#8221; y es que &#8220;ajustaron lo que no deb\u00edan&#8221;, tras lo cual se pregunt\u00f3: &#8220;\u00bfC\u00f3mo puede ser que se haga una cosa as\u00ed? Porque eso tambi\u00e9n evidencia cierto desprecio por el otro; es convertir a la gente en un n\u00famero&#8221;, exponer a los chicos &#8220;a enfermedades&#8221; porque alguien &#8220;decidi\u00f3 ahorrar en vacunas&#8221;.<\/p>\n<p>&#8220;Si vos ten\u00e9s un problema porque est\u00e1s muy endeudado \u00bfcrees que la soluci\u00f3n es seguir endeud\u00e1ndose? No es la soluci\u00f3n, es m\u00e1s o menos como el tipo que ha tomado mucho y est\u00e1 un poco borracho, la soluci\u00f3n no es seguir tomando vino, la soluci\u00f3n es que dejes de tomar&#8221;, grafic\u00f3 en otro tramo en torno a la deuda con el FMI.<\/p>\n<p>Respecto a ese tema, dijo que a\u00fan faltan desembolsar &#8220;alrededor de 11 mil millones&#8221; de d\u00f3lares, pero &#8220;hay un punto donde &#8220;vos dec\u00eds &#8216;\u00bftengo un problem\u00f3n y voy a pedir m\u00e1s?&#8217;, yo lo que quiero es dejar de pedir y que me dejen pagar&#8221;.<\/p>\n<p>&#8220;Intento ser una persona seria&#8221; que no quiere &#8220;firmar acuerdos que no vamos a cumplir, esos acuerdos ya los firm\u00f3 Macri, firm\u00f3 uno, dos tres y no cumpli\u00f3 ninguno. Yo voy a firmar uno que lo podamos cumplir&#8221;, subray\u00f3 el l\u00edder del Frente de Todos, quien agreg\u00f3: &#8220;D\u00e9jenme desarrollarme para poder pagarles \u00bfcu\u00e1nto tiempo necesito? No s\u00e9, discutamos el tiempo que necesito para volver a poner en marcha la econom\u00eda, pero no me den m\u00e1s plata&#8221;.<\/p>\n<p>En otro tramo, Fern\u00e1ndez dijo que su &#8220;mayor deseo&#8221; es que se alcance un acuerdo regional con la Uni\u00f3n Europea &#8220;en donde nosotros tengamos ventajas&#8221; y &#8220;ganemos lo que nos corresponde&#8221;, pero se neg\u00f3 a profundizar sobre el tema &#8220;porque hasta el d\u00eda de hoy no conocemos la letra del acuerdo&#8221;.<\/p>\n<p>&#8220;El continente se est\u00e1 revelando contra la derecha&#8221; dijo al ser consultado sobre la conflictiva situaci\u00f3n por la que atraviesa la regi\u00f3n, evalu\u00f3 que Cristina, \u00e9l y su futuro gobierno van &#8220;en el mismo sentido de la gente&#8221; y consider\u00f3 que &#8220;Latinoam\u00e9rica nos mira con expectativas y esperanzas&#8221;, porque ven un cambio de clima: &#8220;Lo cierto es que nosotros ganamos y en Am\u00e9rica Latina se desat\u00f3 una demanda social que parec\u00eda dormida&#8221;, concluy\u00f3.<\/p>\n","protected":false},"excerpt":{"rendered":"<p>El presidente electo Alberto Fern\u00e1ndez anticip\u00f3 ayer que no pedir\u00e1 los 11 mil millones de d\u00f3lares que a\u00fan le restan desembolsar al FMI &#8220;porque no es la soluci\u00f3n&#8221;, se\u00f1al\u00f3 que su mayor deseo es que haya un acuerdo regional con la Uni\u00f3n Europea pero al no conocer &#8220;la letra&#8221; del mismo &#8220;habr\u00e1 que estudiarlo primero&#8221;. Adem\u00e1s, destac\u00f3 que Am\u00e9rica Latina mira con &#8220;expectativas y esperanzas&#8221; el proceso pol\u00edtico Argentino que desemboc\u00f3 en el triunfo del peronismo, a partir del cual se desat\u00f3 en el continente &#8220;una demanda social que parec\u00eda&#8230;<\/p>\n","protected":false},"author":3,"featured_media":54282,"comment_status":"closed","ping_status":"closed","sticky":false,"template":"","format":"standard","meta":[],"categories":[18],"tags":[],"_links":{"self":[{"href":"https:\/\/www.actualidadadiario.com\/index.php\/wp-json\/wp\/v2\/posts\/54756"}],"collection":[{"href":"https:\/\/www.actualidadadiario.com\/index.php\/wp-json\/wp\/v2\/posts"}],"about":[{"href":"https:\/\/www.actualidadadiario.com\/index.php\/wp-json\/wp\/v2\/types\/post"}],"author":[{"embeddable":true,"href":"https:\/\/www.actualidadadiario.com\/index.php\/wp-json\/wp\/v2\/users\/3"}],"replies":[{"embeddable":true,"href":"https:\/\/www.actualidadadiario.com\/index.php\/wp-json\/wp\/v2\/comments?post=54756"}],"version-history":[{"count":1,"href":"https:\/\/www.actualidadadiario.com\/index.php\/wp-json\/wp\/v2\/posts\/54756\/revisions"}],"predecessor-version":[{"id":54757,"href":"https:\/\/www.actualidadadiario.com\/index.php\/wp-json\/wp\/v2\/posts\/54756\/revisions\/54757"}],"wp:featuredmedia":[{"embeddable":true,"href":"https:\/\/www.actualidadadiario.com\/index.php\/wp-json\/wp\/v2\/media\/54282"}],"wp:attachment":[{"href":"https:\/\/www.actualidadadiario.com\/index.php\/wp-json\/wp\/v2\/media?parent=54756"}],"wp:term":[{"taxonomy":"category","embeddable":true,"href":"https:\/\/www.actualidadadiario.com\/index.php\/wp-json\/wp\/v2\/categories?post=54756"},{"taxonomy":"post_tag","embeddable":true,"href":"https:\/\/www.actualidadadiario.com\/index.php\/wp-json\/wp\/v2\/tags?post=54756"}],"curies":[{"name":"wp","href":"https:\/\/api.w.org\/{rel}","templated":true}]}}