{"id":54753,"date":"2019-11-27T10:29:05","date_gmt":"2019-11-27T13:29:05","guid":{"rendered":"https:\/\/www.actualidadadiario.com\/?p=54753"},"modified":"2019-11-27T10:29:05","modified_gmt":"2019-11-27T13:29:05","slug":"como-queda-formada-la-linea-de-sucesion-presidencial-de-alberto-fernandez","status":"publish","type":"post","link":"https:\/\/www.actualidadadiario.com\/index.php\/2019\/11\/27\/como-queda-formada-la-linea-de-sucesion-presidencial-de-alberto-fernandez\/","title":{"rendered":"C\u00f3mo queda formada la l\u00ednea de sucesi\u00f3n presidencial de Alberto Fern\u00e1ndez"},"content":{"rendered":"<p style=\"text-align: center;\"><em><strong>La Constituci\u00f3n y la ley de acefal\u00eda de 1975 y sus posteriores modificaciones despejan el panorama en caso de que el jefe de Estado enferme o est\u00e9 ausente. Qui\u00e9nes son<\/strong><\/em><\/p>\n<p>&nbsp;<\/p>\n<p>&nbsp;<\/p>\n<p>La l\u00ednea sucesoria del gobierno de Alberto Fern\u00e1ndez, establecida por la Ley 25.716 (promulgada durante la presidencia de Isabel de Per\u00f3n en 1975), qued\u00f3 completa este martes con la designaci\u00f3n de la persona que ocupar\u00e1, desde el 10 de diciembre, la presidencia provisional del Senado.<\/p>\n<p>Dicha \u201cley de acefal\u00eda\u201d establece que \u201cpor falta de Presidente y Vicepresidente de la Naci\u00f3n, el Poder Ejecutivo ser\u00e1 desempe\u00f1ado transitoriamente en primer lugar por el Presidente Provisorio del Senado, en segundo lugar por el Presidente de la C\u00e1mara de Diputados y a falta de \u00e9stos, por el Presidente de la Corte Suprema de Justicia de la Naci\u00f3n\u201d.<\/p>\n<p>En el caso de que el presidente electo no pudiera asumir en forma temporaria (por ejemplo, por enfermedad o viaje) o permanente el cargo para el que fue elegido o que durante el ejercicio de su mandato dejara el cargo por dimisi\u00f3n o defunci\u00f3n, la vicepresidenta electa Cristina Kirchner deber\u00eda ejercer el Poder Ejecutivo.<\/p>\n<p>El siguiente lugar en la l\u00ednea sucesoria es para quien ocupe la presidencia provisional del Senado, silla que ocupar\u00e1 Claudia Ledesma Abdala, esposa del gobernador de Santiago del Estero, Gerardo Zamora. En cuarto lugar estar\u00e1 el presidente de la C\u00e1mara de Diputados, lugar que a partir del 10 de diciembre ocupar\u00e1 el l\u00edder del Frente Renovador, Sergio Massa. El quinto y \u00faltimo en la l\u00ednea es Carlos Rosenkrantz por ocupar la presidencia de la Corte Suprema de Justicia.<\/p>\n<ul>\n<li>Cristina Fern\u00e1ndez de Kirchner, vicepresidenta de la Naci\u00f3n<\/li>\n<li>Claudia Ledesma Abdala, presidenta provisional del Senado<\/li>\n<li>Sergio Massa, presidente de la C\u00e1mara de Diputados<\/li>\n<li>Carlos Rosenkrantz, presidente de la Corte Suprema de Justicia<\/li>\n<\/ul>\n<p>&nbsp;<\/p>\n<p>En el caso de que las cuatro personas en l\u00ednea sucesoria no puedan tomar las riendas de la jefatura del Estado, el Congreso reunido en Asamblea Legislativa \u201cdeterminar\u00e1 qu\u00e9 funcionario p\u00fablico ha de desempe\u00f1ar la Presidencia, hasta que haya cesado la causa de la inhabilidad o un nuevo presidente sea electo\u201d, seg\u00fan establece el art\u00edculo 88 de la Constituci\u00f3n Nacional.<\/p>\n<p>La condici\u00f3n es que dicho funcionario \u201cdesempe\u00f1e alguno de los siguientes mandatos populares electivos: Senador Nacional, Diputado Nacional o Gobernador de Provincia\u201d. En el caso de que la ley de acefal\u00eda entrara en vigor por ausencia del presidente y la vicepresidenta, el funcionario que ejerza el gobierno [es decir, Ledesma Abdala, Massa o Rosenkrantz] lo har\u00e1 &#8220;con el t\u00edtulo que le confiere el cargo que ocupa con el agregado &#8216;en el ejercicio del Poder Ejecutivo&#8217;\u201d, indica la norma.<\/p>\n","protected":false},"excerpt":{"rendered":"<p>La Constituci\u00f3n y la ley de acefal\u00eda de 1975 y sus posteriores modificaciones despejan el panorama en caso de que el jefe de Estado enferme o est\u00e9 ausente. Qui\u00e9nes son &nbsp; &nbsp; La l\u00ednea sucesoria del gobierno de Alberto Fern\u00e1ndez, establecida por la Ley 25.716 (promulgada durante la presidencia de Isabel de Per\u00f3n en 1975), qued\u00f3 completa este martes con la designaci\u00f3n de la persona que ocupar\u00e1, desde el 10 de diciembre, la presidencia provisional del Senado. Dicha \u201cley de acefal\u00eda\u201d establece que \u201cpor falta de Presidente y Vicepresidente de&#8230;<\/p>\n","protected":false},"author":3,"featured_media":54754,"comment_status":"closed","ping_status":"closed","sticky":false,"template":"","format":"standard","meta":[],"categories":[9],"tags":[],"_links":{"self":[{"href":"https:\/\/www.actualidadadiario.com\/index.php\/wp-json\/wp\/v2\/posts\/54753"}],"collection":[{"href":"https:\/\/www.actualidadadiario.com\/index.php\/wp-json\/wp\/v2\/posts"}],"about":[{"href":"https:\/\/www.actualidadadiario.com\/index.php\/wp-json\/wp\/v2\/types\/post"}],"author":[{"embeddable":true,"href":"https:\/\/www.actualidadadiario.com\/index.php\/wp-json\/wp\/v2\/users\/3"}],"replies":[{"embeddable":true,"href":"https:\/\/www.actualidadadiario.com\/index.php\/wp-json\/wp\/v2\/comments?post=54753"}],"version-history":[{"count":1,"href":"https:\/\/www.actualidadadiario.com\/index.php\/wp-json\/wp\/v2\/posts\/54753\/revisions"}],"predecessor-version":[{"id":54755,"href":"https:\/\/www.actualidadadiario.com\/index.php\/wp-json\/wp\/v2\/posts\/54753\/revisions\/54755"}],"wp:featuredmedia":[{"embeddable":true,"href":"https:\/\/www.actualidadadiario.com\/index.php\/wp-json\/wp\/v2\/media\/54754"}],"wp:attachment":[{"href":"https:\/\/www.actualidadadiario.com\/index.php\/wp-json\/wp\/v2\/media?parent=54753"}],"wp:term":[{"taxonomy":"category","embeddable":true,"href":"https:\/\/www.actualidadadiario.com\/index.php\/wp-json\/wp\/v2\/categories?post=54753"},{"taxonomy":"post_tag","embeddable":true,"href":"https:\/\/www.actualidadadiario.com\/index.php\/wp-json\/wp\/v2\/tags?post=54753"}],"curies":[{"name":"wp","href":"https:\/\/api.w.org\/{rel}","templated":true}]}}