{"id":54750,"date":"2019-11-27T10:28:00","date_gmt":"2019-11-27T13:28:00","guid":{"rendered":"https:\/\/www.actualidadadiario.com\/?p=54750"},"modified":"2019-11-27T10:28:00","modified_gmt":"2019-11-27T13:28:00","slug":"alberto-fernandez-quiere-una-fiesta-popular-el-10-de-diciembre","status":"publish","type":"post","link":"https:\/\/www.actualidadadiario.com\/index.php\/2019\/11\/27\/alberto-fernandez-quiere-una-fiesta-popular-el-10-de-diciembre\/","title":{"rendered":"Alberto Fern\u00e1ndez quiere una &#8220;fiesta popular&#8221; el 10 de diciembre"},"content":{"rendered":"<p style=\"text-align: center;\"><em><strong>La celebraci\u00f3n empezar\u00e1 a las dos de la tarde y se extender\u00e1 durante varias horas. El presidente electo llegar\u00e1 al Congreso en su auto particular. Cristina Fern\u00e1ndez de Kirchner le tomar\u00e1 juramento<\/strong><\/em><\/p>\n<p>&nbsp;<\/p>\n<p>&nbsp;<\/p>\n<p>El presidente electo, Alberto Fern\u00e1ndez, anunci\u00f3 que el 10 de diciembre habr\u00e1 una \u201cfiesta popular en Plaza de Mayo\u201d organizada por el Frente de Todos con motivo de su asunci\u00f3n. En di\u00e1logo con P\u00e1gina\/12, una persona de su equipo cont\u00f3 que, adem\u00e1s del festival, en el que tocar\u00e1n distintas bandas, habr\u00e1 una instalaci\u00f3n audiovisual montada sobre Avenida de Mayo por donde pasar\u00e1 el presidente en auto para dirigirse a Casa Rosada y continuar la ceremonia.<\/p>\n<p>En cuanto al traspaso de mando, Fern\u00e1ndez volvi\u00f3 a confirmar que se realizar\u00e1 en el Congreso de la Naci\u00f3n \u201cen medio de un clima de alegr\u00eda y de respeto porque as\u00ed debe ser\u201d.<\/p>\n<p>El festejo en las inmediaciones de Casa Rosada, seg\u00fan el mandatario electo, ser\u00e1 \u201cdesde las dos de la tarde en adelante y se extender\u00e1 por varias horas\u201d. Desde su equipo informaron que \u201cva a haber un festival con bandas que todav\u00eda no est\u00e1n confirmadas, pero lo seguro es que habr\u00e1 un esp\u00edritu de apertura ratificando que el 10 de diciembre ser\u00e1 una fiesta de la democracia y que siempre es importante festejar la asunci\u00f3n de un presidente\u201d, adem\u00e1s detallaron que \u201cvamos a salir del esquema m\u00e1s cl\u00e1sico y no solo tocar\u00e1n bandas afines\u201d.<\/p>\n<p>El d\u00eda del festejo \u201cva a haber un escenario de unos 40 metros frente a Casa Rosada\u201d y que \u201cen ese lugar est\u00e1 previsto que, despu\u00e9s de la jura del gabinete, suban Cristina (Fern\u00e1ndez) y Alberto y puedan hablarle a la gente desde all\u00ed\u201d, es decir, no hablar\u00e1n desde el balc\u00f3n de Casa Rosada, como hab\u00edan afirmado algunos medios.<\/p>\n<p>El festival, que comenzar\u00e1 a las 14, \u201cen un momento va a ser simult\u00e1neo con la jura de Ministros pero va a haber pantallas gigantes\u201d, aseguraron desde el equipo Fern\u00e1ndez y tambi\u00e9n indicaron que la jura del nuevo Gabinete se realizar\u00e1 en el Museo del Bicentenario, ex Aduana de Taylor\u200b, cerca de las 17.<\/p>\n<p>\u201cLa secuencia completa es la siguiente: Alberto va a ir desde su casa en su auto particular hasta el Congreso, all\u00ed se realizar\u00e1 la jura y entrega de los atributos que har\u00e1 Mauricio Macri y despu\u00e9s va a dar su discurso&#8221;, luego, contaron a este diario en el equipo de Fern\u00e1ndez.<\/p>\n<p>&#8220;Alberto se trasladar\u00e1 desde el Congreso a Casa Rosada por Avenida de Mayo donde habr\u00e1 montada una importante instalaci\u00f3n audiovisual que lo acompa\u00f1ar\u00e1 en su recorrido\u201d, precis\u00f3. \u201cAl llegar a Casa Rosada &#8211;continu\u00f3&#8211; est\u00e1 previsto que en el Sal\u00f3n Blanco realice el saludo protocolar a presidentes, vicepresidentes e invitados especiales\u201d. Cuando se le consult\u00f3 acerca de los posibles asistentes internacionales y si estar\u00eda el ex presidente brasilero Luiz In\u00e1cio Da Silva, la fuente\u00a0 prefiri\u00f3 no contestar porque dijo que a\u00fan no estaba confirmada la lista de invitados. Tampoco aclar\u00f3 si la noche del nueve de diciembre tendr\u00e1 lugar una cena entre el mandatario entrante y Mauricio Macri. En cambio, inform\u00f3 que \u201cCristina va a ser quien introduzca a Alberto al juramento. Lo va a presentar y despu\u00e9s el que dice la frase del juramento ser\u00e1 \u00e9l\u201d. Respecto a este tema hubo debates pero el integrante del equipo de Fern\u00e1ndez aclar\u00f3 que \u201ctienen todos en la cabeza la jura de Ministros donde es el presidente el que dice: \u2018\u00bfjura por Dios y la Patria?\u2019 y el ministro dice \u2018s\u00ed, juro\u2019, pero en el caso presidencial es diferente y ya est\u00e1 confirmada que la que lo introducir\u00e1 al juramento ser\u00e1 la futura vicepresidenta, Cristina Fern\u00e1ndez de Kirchner que para ese momento ya habr\u00e1 asumido su cargo\u201d.<\/p>\n","protected":false},"excerpt":{"rendered":"<p>La celebraci\u00f3n empezar\u00e1 a las dos de la tarde y se extender\u00e1 durante varias horas. El presidente electo llegar\u00e1 al Congreso en su auto particular. Cristina Fern\u00e1ndez de Kirchner le tomar\u00e1 juramento &nbsp; &nbsp; El presidente electo, Alberto Fern\u00e1ndez, anunci\u00f3 que el 10 de diciembre habr\u00e1 una \u201cfiesta popular en Plaza de Mayo\u201d organizada por el Frente de Todos con motivo de su asunci\u00f3n. En di\u00e1logo con P\u00e1gina\/12, una persona de su equipo cont\u00f3 que, adem\u00e1s del festival, en el que tocar\u00e1n distintas bandas, habr\u00e1 una instalaci\u00f3n audiovisual montada sobre&#8230;<\/p>\n","protected":false},"author":3,"featured_media":54751,"comment_status":"closed","ping_status":"closed","sticky":false,"template":"","format":"standard","meta":[],"categories":[9],"tags":[],"_links":{"self":[{"href":"https:\/\/www.actualidadadiario.com\/index.php\/wp-json\/wp\/v2\/posts\/54750"}],"collection":[{"href":"https:\/\/www.actualidadadiario.com\/index.php\/wp-json\/wp\/v2\/posts"}],"about":[{"href":"https:\/\/www.actualidadadiario.com\/index.php\/wp-json\/wp\/v2\/types\/post"}],"author":[{"embeddable":true,"href":"https:\/\/www.actualidadadiario.com\/index.php\/wp-json\/wp\/v2\/users\/3"}],"replies":[{"embeddable":true,"href":"https:\/\/www.actualidadadiario.com\/index.php\/wp-json\/wp\/v2\/comments?post=54750"}],"version-history":[{"count":1,"href":"https:\/\/www.actualidadadiario.com\/index.php\/wp-json\/wp\/v2\/posts\/54750\/revisions"}],"predecessor-version":[{"id":54752,"href":"https:\/\/www.actualidadadiario.com\/index.php\/wp-json\/wp\/v2\/posts\/54750\/revisions\/54752"}],"wp:featuredmedia":[{"embeddable":true,"href":"https:\/\/www.actualidadadiario.com\/index.php\/wp-json\/wp\/v2\/media\/54751"}],"wp:attachment":[{"href":"https:\/\/www.actualidadadiario.com\/index.php\/wp-json\/wp\/v2\/media?parent=54750"}],"wp:term":[{"taxonomy":"category","embeddable":true,"href":"https:\/\/www.actualidadadiario.com\/index.php\/wp-json\/wp\/v2\/categories?post=54750"},{"taxonomy":"post_tag","embeddable":true,"href":"https:\/\/www.actualidadadiario.com\/index.php\/wp-json\/wp\/v2\/tags?post=54750"}],"curies":[{"name":"wp","href":"https:\/\/api.w.org\/{rel}","templated":true}]}}