{"id":54745,"date":"2019-11-27T10:25:31","date_gmt":"2019-11-27T13:25:31","guid":{"rendered":"https:\/\/www.actualidadadiario.com\/?p=54745"},"modified":"2019-11-27T10:25:31","modified_gmt":"2019-11-27T13:25:31","slug":"declaran-emergencia-agropecuaria-en-la-pampa-por-sequia","status":"publish","type":"post","link":"https:\/\/www.actualidadadiario.com\/index.php\/2019\/11\/27\/declaran-emergencia-agropecuaria-en-la-pampa-por-sequia\/","title":{"rendered":"Declaran emergencia agropecuaria en La Pampa por sequ\u00eda"},"content":{"rendered":"<p style=\"text-align: center;\"><em><strong>El Gobierno nacional, mediante el Ministerio de Agricultura, Ganader\u00eda y Pesca, declar\u00f3 en la provincia de La Pampa el estado de emergencia o desastre agropecuario, seg\u00fan corresponda, desde 24 de octubre de 2019 hasta el 21 de abril de 2020. La medida se toma como consecuencia de la sequ\u00eda a las explotaciones agr\u00edcola-ganaderas, de lotes en departamentos del este, centro, oeste y sur de esta jurisdicci\u00f3n<\/strong><\/em><\/p>\n<p>&nbsp;<\/p>\n<p>Seg\u00fan la resoluci\u00f3n 144\/2019 publicada este mi\u00e9rcoles en el Bolet\u00edn Oficial, el 21 de abril de 2020 es la fecha de finalizaci\u00f3n del ciclo productivo para las explotaciones agropecuarias afectadas. Asimismo, los productores afectados deber\u00e1n presentar certificado extendido por la autoridad competente de la provincia, en el que conste que sus predios o explotaciones se encuentran bajo las condiciones establecidas en la normativa.<\/p>\n<p>En tanto, el Gobierno Provincial remitir\u00e1 a la Secretar\u00eda T\u00e9cnica Ejecutiva de la Comisi\u00f3n Nacional de Emergencias y Desastres Agropecuarios, el listado de los productores afectados, acompa\u00f1ando copia del certificado de emergencia emitido por la autoridad provincial competente. As\u00ed, las instituciones bancarias nacionales, y la AFIP arbitrar\u00e1n los medios necesarios para que los productores comprendidos en la presente resoluci\u00f3n gocen de los beneficios previstos.<\/p>\n<p>A mediados del mes de septiembre, el Ministerio de Agricultura, Ganader\u00eda y Pesca declar\u00f3 el estado de emergencia agropecuaria en las provincias de Santiago del Estero, Mendoza y R\u00edo Negro. De este modo, mediante la resoluci\u00f3n 57\/2019 declararon el estado de emergencia y\/o desastre agropecuario, en Santiago del Estero por un plazo de 12 meses, a partir del 1 de enero de 2019.<\/p>\n<p>Tambi\u00e9n fue declarada en esta situaci\u00f3n la provincia de Mendoza, respecto de las propiedades rurales ubicadas en zonas bajo riego de los distritos que a continuaci\u00f3n se consignan y que hayan sufrido un da\u00f1o del 50% y hasta el 79% en su producci\u00f3n, por efectos de heladas tard\u00edas parciales y tormentas con granizo, ocurridas durante el per\u00edodo agr\u00edcola 2019\/2020.<\/p>\n","protected":false},"excerpt":{"rendered":"<p>El Gobierno nacional, mediante el Ministerio de Agricultura, Ganader\u00eda y Pesca, declar\u00f3 en la provincia de La Pampa el estado de emergencia o desastre agropecuario, seg\u00fan corresponda, desde 24 de octubre de 2019 hasta el 21 de abril de 2020. La medida se toma como consecuencia de la sequ\u00eda a las explotaciones agr\u00edcola-ganaderas, de lotes en departamentos del este, centro, oeste y sur de esta jurisdicci\u00f3n &nbsp; Seg\u00fan la resoluci\u00f3n 144\/2019 publicada este mi\u00e9rcoles en el Bolet\u00edn Oficial, el 21 de abril de 2020 es la fecha de finalizaci\u00f3n del&#8230;<\/p>\n","protected":false},"author":3,"featured_media":54746,"comment_status":"closed","ping_status":"closed","sticky":false,"template":"","format":"standard","meta":[],"categories":[2],"tags":[],"_links":{"self":[{"href":"https:\/\/www.actualidadadiario.com\/index.php\/wp-json\/wp\/v2\/posts\/54745"}],"collection":[{"href":"https:\/\/www.actualidadadiario.com\/index.php\/wp-json\/wp\/v2\/posts"}],"about":[{"href":"https:\/\/www.actualidadadiario.com\/index.php\/wp-json\/wp\/v2\/types\/post"}],"author":[{"embeddable":true,"href":"https:\/\/www.actualidadadiario.com\/index.php\/wp-json\/wp\/v2\/users\/3"}],"replies":[{"embeddable":true,"href":"https:\/\/www.actualidadadiario.com\/index.php\/wp-json\/wp\/v2\/comments?post=54745"}],"version-history":[{"count":1,"href":"https:\/\/www.actualidadadiario.com\/index.php\/wp-json\/wp\/v2\/posts\/54745\/revisions"}],"predecessor-version":[{"id":54747,"href":"https:\/\/www.actualidadadiario.com\/index.php\/wp-json\/wp\/v2\/posts\/54745\/revisions\/54747"}],"wp:featuredmedia":[{"embeddable":true,"href":"https:\/\/www.actualidadadiario.com\/index.php\/wp-json\/wp\/v2\/media\/54746"}],"wp:attachment":[{"href":"https:\/\/www.actualidadadiario.com\/index.php\/wp-json\/wp\/v2\/media?parent=54745"}],"wp:term":[{"taxonomy":"category","embeddable":true,"href":"https:\/\/www.actualidadadiario.com\/index.php\/wp-json\/wp\/v2\/categories?post=54745"},{"taxonomy":"post_tag","embeddable":true,"href":"https:\/\/www.actualidadadiario.com\/index.php\/wp-json\/wp\/v2\/tags?post=54745"}],"curies":[{"name":"wp","href":"https:\/\/api.w.org\/{rel}","templated":true}]}}