{"id":54739,"date":"2019-11-27T10:23:49","date_gmt":"2019-11-27T13:23:49","guid":{"rendered":"https:\/\/www.actualidadadiario.com\/?p=54739"},"modified":"2019-11-27T10:23:49","modified_gmt":"2019-11-27T13:23:49","slug":"dato-oficial-la-economia-cayo-23-en-septiembre","status":"publish","type":"post","link":"https:\/\/www.actualidadadiario.com\/index.php\/2019\/11\/27\/dato-oficial-la-economia-cayo-23-en-septiembre\/","title":{"rendered":"Dato oficial: la econom\u00eda cay\u00f3 2,3% en septiembre"},"content":{"rendered":"<p style=\"text-align: center;\"><em><strong>El agro, que protesta por el pago de retenciones, fue el sector m\u00e1s din\u00e1mico de la actividad local. La pesca, la intermediaci\u00f3n financiera, la construcci\u00f3n y la industria manufacturera encabezaron la lista de los m\u00e1s complicados. Adelantan una ca\u00edda mayor en octubre<\/strong><\/em><\/p>\n<p>&nbsp;<\/p>\n<p>&nbsp;<\/p>\n<p>La econom\u00eda cay\u00f3 2,1% en septiembre respecto a igual mes de 2018. Tambi\u00e9n retrocedi\u00f3 un 2,3 por ciento en el acumulado enero septiembre, inform\u00f3 el INDEC a trav\u00e9s de su Estimador Mensual de la Actividad Econ\u00f3mica (EMAE). En relaci\u00f3n a agosto de este a\u00f1o no hubo variaci\u00f3n.<\/p>\n<p>Los sectores que tiraron para abajo el nivel fueron la pesca, con una rotunda ca\u00edda del 44%; la intermediaci\u00f3n financiera con una desaceleraci\u00f3n del 14,6%; la construcci\u00f3n, que perdi\u00f3 un 6,5%; el comercio, con un retroceso del 5,2 por ciento; la industria manufacturera, que cay\u00f3 5%; el rubro Otras actividades de servicios comunitarios, sociales y personales, con un descenso del 1,9 por ciento; Impuestos netos de subsidios (-1,6%); y Hoteles y restaurantes (-1,1%).<\/p>\n<p>Los positivos fueron el agro (actualmente trenzado en\u00a0 una \u00e1spera pol\u00e9mica por las retenciones a las exportaciones), que creci\u00f3 11,8 por ciento; la explotaci\u00f3n de minas y canteras, que subi\u00f3 2,2%; el sector inmobiliario, que aument\u00f3 un 1,5 por ciento; Ense\u00f1anza, con una suba del 0,9%; Administraci\u00f3n p\u00fablica y defensa, planes de seguridad social de afiliaci\u00f3n obligatoria, que creci\u00f3 0,8 por ciento; Servicios sociales y de salud, que mejor\u00f3 un 0,3%; Transporte y telecomunicaciones con un 0,2% positivo; y Electricidad y gas, con un salto del 0,1%.<\/p>\n<p>&nbsp;<\/p>\n<p><strong>Medici\u00f3n privada<\/strong><\/p>\n<p>Si bien la medici\u00f3n oficial se limita a septiembre hay estudios privados que ya plantean una noci\u00f3n de la actividad de octubre.<\/p>\n<p>Para el Instituto de Trabajo y Econom\u00eda Germ\u00e1n Abdala (ITEGA) la econom\u00eda cay\u00f3 un 4,2% en el d\u00e9cimo mes y acumul\u00f3 un retroceso total del 5,4 por ciento desde enero.<\/p>\n<p>Adem\u00e1s encaden\u00f3 el decimos\u00e9ptimo mes consecutivo en negativo.<\/p>\n","protected":false},"excerpt":{"rendered":"<p>El agro, que protesta por el pago de retenciones, fue el sector m\u00e1s din\u00e1mico de la actividad local. La pesca, la intermediaci\u00f3n financiera, la construcci\u00f3n y la industria manufacturera encabezaron la lista de los m\u00e1s complicados. Adelantan una ca\u00edda mayor en octubre &nbsp; &nbsp; La econom\u00eda cay\u00f3 2,1% en septiembre respecto a igual mes de 2018. Tambi\u00e9n retrocedi\u00f3 un 2,3 por ciento en el acumulado enero septiembre, inform\u00f3 el INDEC a trav\u00e9s de su Estimador Mensual de la Actividad Econ\u00f3mica (EMAE). En relaci\u00f3n a agosto de este a\u00f1o no hubo&#8230;<\/p>\n","protected":false},"author":3,"featured_media":54740,"comment_status":"closed","ping_status":"closed","sticky":false,"template":"","format":"standard","meta":[],"categories":[2],"tags":[],"_links":{"self":[{"href":"https:\/\/www.actualidadadiario.com\/index.php\/wp-json\/wp\/v2\/posts\/54739"}],"collection":[{"href":"https:\/\/www.actualidadadiario.com\/index.php\/wp-json\/wp\/v2\/posts"}],"about":[{"href":"https:\/\/www.actualidadadiario.com\/index.php\/wp-json\/wp\/v2\/types\/post"}],"author":[{"embeddable":true,"href":"https:\/\/www.actualidadadiario.com\/index.php\/wp-json\/wp\/v2\/users\/3"}],"replies":[{"embeddable":true,"href":"https:\/\/www.actualidadadiario.com\/index.php\/wp-json\/wp\/v2\/comments?post=54739"}],"version-history":[{"count":1,"href":"https:\/\/www.actualidadadiario.com\/index.php\/wp-json\/wp\/v2\/posts\/54739\/revisions"}],"predecessor-version":[{"id":54741,"href":"https:\/\/www.actualidadadiario.com\/index.php\/wp-json\/wp\/v2\/posts\/54739\/revisions\/54741"}],"wp:featuredmedia":[{"embeddable":true,"href":"https:\/\/www.actualidadadiario.com\/index.php\/wp-json\/wp\/v2\/media\/54740"}],"wp:attachment":[{"href":"https:\/\/www.actualidadadiario.com\/index.php\/wp-json\/wp\/v2\/media?parent=54739"}],"wp:term":[{"taxonomy":"category","embeddable":true,"href":"https:\/\/www.actualidadadiario.com\/index.php\/wp-json\/wp\/v2\/categories?post=54739"},{"taxonomy":"post_tag","embeddable":true,"href":"https:\/\/www.actualidadadiario.com\/index.php\/wp-json\/wp\/v2\/tags?post=54739"}],"curies":[{"name":"wp","href":"https:\/\/api.w.org\/{rel}","templated":true}]}}