{"id":54732,"date":"2019-11-27T10:21:07","date_gmt":"2019-11-27T13:21:07","guid":{"rendered":"https:\/\/www.actualidadadiario.com\/?p=54732"},"modified":"2019-11-27T10:21:07","modified_gmt":"2019-11-27T13:21:07","slug":"se-registraron-61-casos-de-sarampion-y-es-el-mayor-brote-desde-el-ano-2000","status":"publish","type":"post","link":"https:\/\/www.actualidadadiario.com\/index.php\/2019\/11\/27\/se-registraron-61-casos-de-sarampion-y-es-el-mayor-brote-desde-el-ano-2000\/","title":{"rendered":"Se registraron 61 casos de sarampi\u00f3n y es el mayor brote desde el a\u00f1o 2000"},"content":{"rendered":"<p style=\"text-align: center;\"><em><strong>La circulaci\u00f3n end\u00e9mica de la enfermedad hab\u00eda sido totalmente eliminada, pero este a\u00f1o reapareci\u00f3 con fuerza. Hay preocupaci\u00f3n en la Secretar\u00eda de Salud, que adelant\u00f3 para diciembre las vacunas que deb\u00edan aplicarse en el primer trimestre del a\u00f1o pr\u00f3ximo<\/strong><\/em><\/p>\n<p>&nbsp;<\/p>\n<p>&nbsp;<\/p>\n<p>La Secretar\u00eda de Salud de la Naci\u00f3n acept\u00f3 p\u00fablicamente que se llevan registrados 61 casos de sarampi\u00f3n, en un brote fuera de lo normal que comenz\u00f3 a principios de septiembre y que afecta, sobre todo, a beb\u00e9s de menos de un a\u00f1o de vida.<\/p>\n<p>El brote de sarampi\u00f3n es el mayor registrado en el pa\u00eds desde el a\u00f1o 2000, cuando se logr\u00f3 la eliminaci\u00f3n de la circulaci\u00f3n end\u00e9mica de la enfermedad, objetivo que fuera certificado a\u00f1os despu\u00e9s por la Organizaci\u00f3n Mundial de la Salud.<\/p>\n<p>Sin pretender despertar alarma en la poblaci\u00f3n, desde Gobierno admitieron que se est\u00e1n tomando medidas para evitar que la enfermedad se siga propagando y que las vacunas del Calendario Nacional de Vacunaci\u00f3n del primer trimestre del 2020 ser\u00e1n distribuidas durante el mes de diciembre de este a\u00f1o, adelantando el cronograma habitual. Las vacunas Triple y la Doble Viral son las que se utilizan para combatir esta enfermedad.<\/p>\n<p>El sarampi\u00f3n es un virus muy transmisible, no tiene tratamiento espec\u00edfico y puede causar graves complicaciones: 1 de cada 10 infectados desarrolla sordera, 1 de cada 20 neumon\u00eda, 1 de cada 1.000 meningoencefalitis y entre 1 y 2 de cada 1.000, terminan muriendo.<\/p>\n<p>Se trata de una enfermedad infecciosa y contagiosa, causada por un virus, que se caracteriza por la aparici\u00f3n de peque\u00f1as manchas rojas en la piel, fiebre alta y s\u00edntomas catarrales.<\/p>\n","protected":false},"excerpt":{"rendered":"<p>La circulaci\u00f3n end\u00e9mica de la enfermedad hab\u00eda sido totalmente eliminada, pero este a\u00f1o reapareci\u00f3 con fuerza. Hay preocupaci\u00f3n en la Secretar\u00eda de Salud, que adelant\u00f3 para diciembre las vacunas que deb\u00edan aplicarse en el primer trimestre del a\u00f1o pr\u00f3ximo &nbsp; &nbsp; La Secretar\u00eda de Salud de la Naci\u00f3n acept\u00f3 p\u00fablicamente que se llevan registrados 61 casos de sarampi\u00f3n, en un brote fuera de lo normal que comenz\u00f3 a principios de septiembre y que afecta, sobre todo, a beb\u00e9s de menos de un a\u00f1o de vida. El brote de sarampi\u00f3n es&#8230;<\/p>\n","protected":false},"author":3,"featured_media":54733,"comment_status":"closed","ping_status":"closed","sticky":false,"template":"","format":"standard","meta":[],"categories":[9],"tags":[],"_links":{"self":[{"href":"https:\/\/www.actualidadadiario.com\/index.php\/wp-json\/wp\/v2\/posts\/54732"}],"collection":[{"href":"https:\/\/www.actualidadadiario.com\/index.php\/wp-json\/wp\/v2\/posts"}],"about":[{"href":"https:\/\/www.actualidadadiario.com\/index.php\/wp-json\/wp\/v2\/types\/post"}],"author":[{"embeddable":true,"href":"https:\/\/www.actualidadadiario.com\/index.php\/wp-json\/wp\/v2\/users\/3"}],"replies":[{"embeddable":true,"href":"https:\/\/www.actualidadadiario.com\/index.php\/wp-json\/wp\/v2\/comments?post=54732"}],"version-history":[{"count":1,"href":"https:\/\/www.actualidadadiario.com\/index.php\/wp-json\/wp\/v2\/posts\/54732\/revisions"}],"predecessor-version":[{"id":54734,"href":"https:\/\/www.actualidadadiario.com\/index.php\/wp-json\/wp\/v2\/posts\/54732\/revisions\/54734"}],"wp:featuredmedia":[{"embeddable":true,"href":"https:\/\/www.actualidadadiario.com\/index.php\/wp-json\/wp\/v2\/media\/54733"}],"wp:attachment":[{"href":"https:\/\/www.actualidadadiario.com\/index.php\/wp-json\/wp\/v2\/media?parent=54732"}],"wp:term":[{"taxonomy":"category","embeddable":true,"href":"https:\/\/www.actualidadadiario.com\/index.php\/wp-json\/wp\/v2\/categories?post=54732"},{"taxonomy":"post_tag","embeddable":true,"href":"https:\/\/www.actualidadadiario.com\/index.php\/wp-json\/wp\/v2\/tags?post=54732"}],"curies":[{"name":"wp","href":"https:\/\/api.w.org\/{rel}","templated":true}]}}