{"id":5473,"date":"2016-12-06T10:47:13","date_gmt":"2016-12-06T13:47:13","guid":{"rendered":"http:\/\/actualidadadiario.com\/site\/?p=5473"},"modified":"2016-12-06T10:47:13","modified_gmt":"2016-12-06T13:47:13","slug":"debaten-un-proyecto-para-limitar-los-gastos-reservados","status":"publish","type":"post","link":"https:\/\/www.actualidadadiario.com\/index.php\/2016\/12\/06\/debaten-un-proyecto-para-limitar-los-gastos-reservados\/","title":{"rendered":"Debaten un proyecto para limitar los gastos reservados"},"content":{"rendered":"<p><em><strong>En la C\u00e1mara baja provincial se tratar\u00e1 un proyecto que limita la utilizaci\u00f3n de fondos en el seno de la administraci\u00f3n p\u00fablica. Otra iniciativa refiere al uso de veh\u00edculos oficiales<\/strong><\/em><\/p>\n<p>&nbsp;<\/p>\n<p>&nbsp;<\/p>\n<p>&nbsp;<\/p>\n<p>&nbsp;<\/p>\n<p>&nbsp;<\/p>\n<p>&nbsp;<\/p>\n<p>Algunas iniciativas legislativas requieren de un contexto porque, de no tenerlo, se hace cuesta arriba imponer su abordaje. A partir de este martes, la C\u00e1mara de Diputados comenzar\u00e1 a debatir un proyecto sobre los gastos reservados en la administraci\u00f3n p\u00fablica. \u201cGastos reservados y veh\u00edculos oficiales. Podemos cuidar m\u00e1s el dinero de los entrerrianos\u201d, prolog\u00f3 el diputado Esteban Vitor (Cambiemos) para anunciar ayer que en la Comisi\u00f3n de Legislaci\u00f3n General se va a trabajar sobre dos proyectos de su autor\u00eda. Uno, como se dijo, refiere a los gastos reservados. Se pretende poner l\u00edmite a su uso y que s\u00f3lo se asignen a los organismos dedicados a la prevenci\u00f3n y lucha contra el delito. El otro sobre la utilizaci\u00f3n de los autos oficiales.<\/p>\n<p>&nbsp;<\/p>\n<p>En su iniciativa, el dirigente de PRO define que la partida de gastos reservados podr\u00e1 ser modificada \u201c\u00fanicamente por previa y expresa aprobaci\u00f3n de la Legislatura provincial y su fiscalizaci\u00f3n quedar\u00e1 bajo el Tribunal de Cuentas bajo absoluta reserva, a trav\u00e9s de una unidad especial con dependencia funcional del presidente y el vocal que represente la primera minor\u00eda de la C\u00e1mara de Diputados\u201d.<\/p>\n<p>&nbsp;<\/p>\n<p>\u201cLa formulaci\u00f3n de los gastos reservados en la clasificaci\u00f3n funcional presupuestaria de la Administraci\u00f3n P\u00fablica Provincial corresponder\u00e1 al C\u00f3digo Servicios de Prevenci\u00f3n y Seguridad\u201d, seg\u00fan la propuesta que ya tiene estado parlamentario.<\/p>\n<p>&nbsp;<\/p>\n<p>En los fundamentos del proyecto se denominan \u201cgastos reservados, confidenciales, secretos, clasificados o de acceso limitado o restringido aquellos que el Estado necesita hacer y mantener en reserva por estrictos objetivos de defensa y seguridad\u201d. Remarc\u00f3 que \u201cson esas y no otras, las \u00fanicas razones que justifican la existencia de estos gastos cuyas caracter\u00edstica principal es que eluden la publicidad. Pero esta excepci\u00f3n no implica autorizaci\u00f3n para malversar o disponer de fondos por fuera de la Contabilidad P\u00fablica y en desmedro de la transparencia\u201d.<\/p>\n<p>&nbsp;<\/p>\n<p>&nbsp;<\/p>\n<p>&nbsp;<\/p>\n<p>&nbsp;<\/p>\n<p>&nbsp;<\/p>\n<p>&nbsp;<\/p>\n<p><strong>Pol\u00e9mica<\/strong><\/p>\n<p>Un informe period\u00edstico dio cuenta hace unos meses acerca de planillas de la Cuenta General del Ejercicio de la Contadur\u00eda General de la provincia -en el Consolidado de Gasto de entre el 2010 y el 2014, en el que se dio a entender que en el seno del Poder Judicial, en rigor en el Superior Tribunal de Justicia (STJ), exist\u00edan los conocidos gastos reservados. La supuesta existencia de de esos montos conllev\u00f3 a otra pol\u00e9mica: el supuesto cobro de sobresueldos por parte de los vocales.<\/p>\n<p>&nbsp;<\/p>\n<p>La presidenta del STJ, Claudia Mizawak, emiti\u00f3 un comunicado de prensa en referencia a las publicaciones de esos d\u00edas. \u201cEn la Justicia entrerriana no hay fondos secretos, ocultos o ilegales. Existen como en la Naci\u00f3n y en la mayor\u00eda de los tribunales y cortes de otras provincias, gastos protocolares de representaci\u00f3n del STJ y los vocales que lo componen. No son parte del salario, est\u00e1n previstos en la ley y se rinden al Tribunal de Cuentas de la provincia\u201d, indic\u00f3. Y expres\u00f3 que se trat\u00f3 de \u201cversiones tergiversadas, con sustanciales errores e inexactitudes de magnitud\u201d.<\/p>\n<p>&nbsp;<\/p>\n<p>\u201cLos fondos denominados Gastos Protocolares y de Representaci\u00f3n corresponden a una partida que integra el presupuesto del Poder Judicial de Entre R\u00edos. Como tales, son incluidos cada a\u00f1o en la Ley de Presupuesto que vota la Legislatura de la provincia\u201d, aclar\u00f3 la magistrada.<\/p>\n<p>&nbsp;<\/p>\n<p>La pol\u00e9mica por la utilizaci\u00f3n de gastos reservados surgi\u00f3 en el Poder Judicial y es anterior al pedido de juicio pol\u00edtico a Carlos Chiara D\u00edaz. No obstante, en la audiencia de la semana pasada ante la Comisi\u00f3n de Asuntos Constitucionales y Juicio Pol\u00edtico, el vocal del STJ fue consultado sobre el tema. Desconoci\u00f3 la utilizaci\u00f3n de los gastos reservados, al menos en su presidencia, pero no neg\u00f3 la existencia de los mismos.<\/p>\n<p>&nbsp;<\/p>\n<p>&nbsp;<\/p>\n<p>&nbsp;<\/p>\n<p>&nbsp;<\/p>\n<p><strong>Autos oficiales<\/strong><\/p>\n<p>La otra iniciativa del diputado Esteban Vitor refiere a los coches oficiales. El legislador de Cambiemos quiere que solo sean de uso exclusivo para los funcionarios y claramente identificables. La propuesta alcanza a los tres poderes del Estado.<\/p>\n<p>&nbsp;<\/p>\n<p>\u201cLos dos proyectos vamos a trabajarlos en la Comisi\u00f3n de Legislaci\u00f3n General, para intentar llevarlos al recinto en la sesi\u00f3n de este martes\u201d, anunci\u00f3 Vitor. Y agreg\u00f3: \u201cNecesitamos cuidar los dineros p\u00fablicos porque es mucho el esfuerzo que hacen los entrerrianos para cumplir con los impuestos y la provincia, es como una casa, no podemos gastar m\u00e1s que lo que entra\u201d.<\/p>\n","protected":false},"excerpt":{"rendered":"<p>En la C\u00e1mara baja provincial se tratar\u00e1 un proyecto que limita la utilizaci\u00f3n de fondos en el seno de la administraci\u00f3n p\u00fablica. Otra iniciativa refiere al uso de veh\u00edculos oficiales &nbsp; &nbsp; &nbsp; &nbsp; &nbsp; &nbsp; Algunas iniciativas legislativas requieren de un contexto porque, de no tenerlo, se hace cuesta arriba imponer su abordaje. A partir de este martes, la C\u00e1mara de Diputados comenzar\u00e1 a debatir un proyecto sobre los gastos reservados en la administraci\u00f3n p\u00fablica. \u201cGastos reservados y veh\u00edculos oficiales. Podemos cuidar m\u00e1s el dinero de los entrerrianos\u201d, prolog\u00f3&#8230;<\/p>\n","protected":false},"author":3,"featured_media":5474,"comment_status":"closed","ping_status":"closed","sticky":false,"template":"","format":"standard","meta":[],"categories":[15],"tags":[],"_links":{"self":[{"href":"https:\/\/www.actualidadadiario.com\/index.php\/wp-json\/wp\/v2\/posts\/5473"}],"collection":[{"href":"https:\/\/www.actualidadadiario.com\/index.php\/wp-json\/wp\/v2\/posts"}],"about":[{"href":"https:\/\/www.actualidadadiario.com\/index.php\/wp-json\/wp\/v2\/types\/post"}],"author":[{"embeddable":true,"href":"https:\/\/www.actualidadadiario.com\/index.php\/wp-json\/wp\/v2\/users\/3"}],"replies":[{"embeddable":true,"href":"https:\/\/www.actualidadadiario.com\/index.php\/wp-json\/wp\/v2\/comments?post=5473"}],"version-history":[{"count":1,"href":"https:\/\/www.actualidadadiario.com\/index.php\/wp-json\/wp\/v2\/posts\/5473\/revisions"}],"predecessor-version":[{"id":5475,"href":"https:\/\/www.actualidadadiario.com\/index.php\/wp-json\/wp\/v2\/posts\/5473\/revisions\/5475"}],"wp:featuredmedia":[{"embeddable":true,"href":"https:\/\/www.actualidadadiario.com\/index.php\/wp-json\/wp\/v2\/media\/5474"}],"wp:attachment":[{"href":"https:\/\/www.actualidadadiario.com\/index.php\/wp-json\/wp\/v2\/media?parent=5473"}],"wp:term":[{"taxonomy":"category","embeddable":true,"href":"https:\/\/www.actualidadadiario.com\/index.php\/wp-json\/wp\/v2\/categories?post=5473"},{"taxonomy":"post_tag","embeddable":true,"href":"https:\/\/www.actualidadadiario.com\/index.php\/wp-json\/wp\/v2\/tags?post=5473"}],"curies":[{"name":"wp","href":"https:\/\/api.w.org\/{rel}","templated":true}]}}