{"id":54729,"date":"2019-11-27T10:20:13","date_gmt":"2019-11-27T13:20:13","guid":{"rendered":"https:\/\/www.actualidadadiario.com\/?p=54729"},"modified":"2019-11-27T10:20:13","modified_gmt":"2019-11-27T13:20:13","slug":"este-miercoles-juran-los-tres-senadores-nacionales-entrerrianos-electos","status":"publish","type":"post","link":"https:\/\/www.actualidadadiario.com\/index.php\/2019\/11\/27\/este-miercoles-juran-los-tres-senadores-nacionales-entrerrianos-electos\/","title":{"rendered":"Este mi\u00e9rcoles juran los tres senadores nacionales entrerrianos electos"},"content":{"rendered":"<p style=\"text-align: center;\"><em><strong>Se trata de Alfredo De \u00c1ngeli (que renueva su mandato por seis a\u00f1os m\u00e1s) y de Stella Olalla por Juntos por el Cambio, y del peronista Edgardo Kueider. Jurar\u00e1n este mi\u00e9rcoles a las 14 en una sesi\u00f3n especial junto a otros 21 legisladores<\/strong><\/em><\/p>\n<p>&nbsp;<\/p>\n<p>&nbsp;<\/p>\n<p>De \u00c1ngeli, Olalla y Kueider ser\u00e1n los representantes de Entre R\u00edos en la C\u00e1mara Alta nacional: De \u00c1ngeli renovar\u00e1 mandato y los otros dos dirigentes har\u00e1n su debut como legisladores nacionales, reemplazando a Pedro Guastavino y Sigrid Kunath.<\/p>\n<p>Cabe destacar que el resultado electoral del domingo 27 de octubre concedi\u00f3 dos bancas a Juntos por el Cambio (Alfredo De \u00c1ngeli y Stella Olalla) y una al Frente de Todos (Edgardo Kueider), por lo que el peronismo perdi\u00f3 un representante en el Senado de la Naci\u00f3n.<\/p>\n<p>Si bien originalmente se hab\u00eda dispuesto que el pr\u00f3ximo jueves 28 de noviembre se llevara a cabo la jura de los 24 senadores electos por ocho provincias, se adelant\u00f3 la fecha para este mi\u00e9rcoles 27.<\/p>\n<p>La jura de senadores incluir\u00e1 a representantes de la Ciudad de Buenos Aires y las provincias de Chaco, Entre R\u00edos, Neuqu\u00e9n, R\u00edo Negro, Salta, Santiago del Estero y Tierra del Fuego.<\/p>\n<p>Todos ellos jurar\u00e1n en la sesi\u00f3n preparatoria y asumir\u00e1n sus bancas 13 d\u00edas despu\u00e9s, el 10 de diciembre, cuando se producir\u00e1 la entrega de mando del presidente saliente, Mauricio Macri, al entrante, Alberto Fern\u00e1ndez.<\/p>\n<p>En la misma sesi\u00f3n preparatoria deber\u00e1n designarse las nuevas autoridades del Senado, es decir, el presidente provisional -que reemplazar\u00e1 a Federico Pinedo-; vicepresidente; vicepresidentes primero y segundo; secretarios administrativo y parlamentario; y prosecretarios administrativo, parlamentario y de coordinaci\u00f3n operativa.<\/p>\n<p>Antes de la jura de los senadores electos, la Comisi\u00f3n de Asuntos Constitucionales de cada C\u00e1mara debe aprobar los diplomas de los nuevos legisladores, un tr\u00e1mite obligatorio para que puedan asumir en sus bancas.<\/p>\n","protected":false},"excerpt":{"rendered":"<p>Se trata de Alfredo De \u00c1ngeli (que renueva su mandato por seis a\u00f1os m\u00e1s) y de Stella Olalla por Juntos por el Cambio, y del peronista Edgardo Kueider. Jurar\u00e1n este mi\u00e9rcoles a las 14 en una sesi\u00f3n especial junto a otros 21 legisladores &nbsp; &nbsp; De \u00c1ngeli, Olalla y Kueider ser\u00e1n los representantes de Entre R\u00edos en la C\u00e1mara Alta nacional: De \u00c1ngeli renovar\u00e1 mandato y los otros dos dirigentes har\u00e1n su debut como legisladores nacionales, reemplazando a Pedro Guastavino y Sigrid Kunath. Cabe destacar que el resultado electoral del&#8230;<\/p>\n","protected":false},"author":3,"featured_media":54730,"comment_status":"closed","ping_status":"closed","sticky":false,"template":"","format":"standard","meta":[],"categories":[15],"tags":[],"_links":{"self":[{"href":"https:\/\/www.actualidadadiario.com\/index.php\/wp-json\/wp\/v2\/posts\/54729"}],"collection":[{"href":"https:\/\/www.actualidadadiario.com\/index.php\/wp-json\/wp\/v2\/posts"}],"about":[{"href":"https:\/\/www.actualidadadiario.com\/index.php\/wp-json\/wp\/v2\/types\/post"}],"author":[{"embeddable":true,"href":"https:\/\/www.actualidadadiario.com\/index.php\/wp-json\/wp\/v2\/users\/3"}],"replies":[{"embeddable":true,"href":"https:\/\/www.actualidadadiario.com\/index.php\/wp-json\/wp\/v2\/comments?post=54729"}],"version-history":[{"count":1,"href":"https:\/\/www.actualidadadiario.com\/index.php\/wp-json\/wp\/v2\/posts\/54729\/revisions"}],"predecessor-version":[{"id":54731,"href":"https:\/\/www.actualidadadiario.com\/index.php\/wp-json\/wp\/v2\/posts\/54729\/revisions\/54731"}],"wp:featuredmedia":[{"embeddable":true,"href":"https:\/\/www.actualidadadiario.com\/index.php\/wp-json\/wp\/v2\/media\/54730"}],"wp:attachment":[{"href":"https:\/\/www.actualidadadiario.com\/index.php\/wp-json\/wp\/v2\/media?parent=54729"}],"wp:term":[{"taxonomy":"category","embeddable":true,"href":"https:\/\/www.actualidadadiario.com\/index.php\/wp-json\/wp\/v2\/categories?post=54729"},{"taxonomy":"post_tag","embeddable":true,"href":"https:\/\/www.actualidadadiario.com\/index.php\/wp-json\/wp\/v2\/tags?post=54729"}],"curies":[{"name":"wp","href":"https:\/\/api.w.org\/{rel}","templated":true}]}}