{"id":54724,"date":"2019-11-27T10:18:40","date_gmt":"2019-11-27T13:18:40","guid":{"rendered":"https:\/\/www.actualidadadiario.com\/?p=54724"},"modified":"2019-11-27T10:18:40","modified_gmt":"2019-11-27T13:18:40","slug":"causa-narcotrafico-escuchas-consolidan-la-acusacion-contra-la-banda-de-celis-y-el-vinculo-con-la-estructura-municipal","status":"publish","type":"post","link":"https:\/\/www.actualidadadiario.com\/index.php\/2019\/11\/27\/causa-narcotrafico-escuchas-consolidan-la-acusacion-contra-la-banda-de-celis-y-el-vinculo-con-la-estructura-municipal\/","title":{"rendered":"Causa Narcotr\u00e1fico: Escuchas consolidan la acusaci\u00f3n contra la banda de Celis y el v\u00ednculo con la estructura municipal"},"content":{"rendered":"<p style=\"text-align: center;\"><em><strong>El Tribunal Oral Criminal Federal (TOCF) incorpor\u00f3 en la audiencia de este martes una serie de escuchas realizadas por la Polic\u00eda Federal (PFA) que desnudaron el accionar de la banda narco que liderar\u00eda Daniel \u201cTavi\u201d Celis y tambi\u00e9n c\u00f3mo la organizaci\u00f3n se vinculaba con el gobierno municipal de Cambiemos, encabezado por el intendente Sergio Varisco. Se espera la declaraci\u00f3n de \u201cTavi\u201d Celis para las pr\u00f3ximas semanas, mientras que Varisco anticip\u00f3 a trav\u00e9s de sus defensores que es posible que finalmente no hable ante el Tribunal<\/strong><\/em><\/p>\n<p>&nbsp;<\/p>\n<p>&nbsp;<\/p>\n<p>\u201cEstoy cansado de estar jugando a las escondidas. Soy como soy: me acept\u00e1s o no. Todo el mundo sabe que colabor\u00e9 con la campa\u00f1a y que manejo la (Unidad Municipal) 2. Yo hice un acuerdo con Varisco y puse plata. No me escondo m\u00e1s: ustedes vinieron a mi casa a buscarme. Yo no quer\u00eda trabajar con Varisco porque me va a cagar y vos me dijiste que no. Y me est\u00e1 cagando\u201d.<\/p>\n<p>La declaraci\u00f3n corresponde a Daniel \u201cTavi\u201d Celis. Forma parte de una comunicaci\u00f3n telef\u00f3nica interceptada por la PFA entre el sindicado capo narco y el concejal Pablo Hern\u00e1ndez, tambi\u00e9n imputado en la causa, del 2 de junio de 2016.<\/p>\n<p>El edil trataba de contenerlo, luego de que una publicaci\u00f3n de la revista An\u00e1lisis lo vinculara con el negocio narco. \u201cYo me voy a hacer el boludo. Vos tambi\u00e9n hacete el boludo\u201d, le recomend\u00f3 Hern\u00e1ndez. Pero \u201cTavi\u201d, a quien el concejal trat\u00f3 de \u201cquerido amigo\u201d, reaccion\u00f3 y le enrostr\u00f3 el incumplimiento: de los 40 contratos que le hab\u00edan prometido para su gente, a\u00fan restaban concretarse 25.<\/p>\n<p>Carlos Fr\u00edas, el oficial de la PFA que realiz\u00f3 las desgrabaciones de los llamados, marc\u00f3 las dos voces (Celis y Hern\u00e1ndez) durante la audiencia en la que, adem\u00e1s, se ventilaron otras\u00a0 escuchas ante el TOCF integrado por Lilia Carnero; Noem\u00ed Berros y Roberto L\u00f3pez Arango. Dentro de los puntos principales que fueron aportando a la causa pueden destacarse:<\/p>\n<p>&#8211; Celis estuvo trabajando en un campo, que ser\u00eda el de los hermanos Ghibaudo de Mar\u00eda Grande 2da, para acondicionar como pista de aterrizaje una fracci\u00f3n del terreno. Este campo qued\u00f3 descartado por las lluvias y, finalmente, se us\u00f3 otro (tambi\u00e9n de los Ghibaudo), de Colonia Avellaneda. All\u00ed se secuestr\u00f3 la avioneta con 317 kg de marihuana.<\/p>\n<p>&#8211; Las bajadas de las avionetas en los campos entrerrianos se iban a segmentar: no m\u00e1s de dos aterrizajes en cada pista. A las de Mar\u00eda Grande 2da y Colonia Avellaneda se sumar\u00edan otras dos, posiblemente en Aldea Brasilera y Sauce de Luna, seg\u00fan las pesquisas policiales. Una quinta, posiblemente, se habr\u00eda instalado en campos de la zona de termas de Mar\u00eda Grande, donde se encontraron restos de palos clavados con bolsas en las puntas para delimitar unos 200 metros de pista.<\/p>\n<p>&#8211; Tras la frustrada operaci\u00f3n con la avioneta (\u201cel p\u00e1jaro que cay\u00f3\u201d), el resto de la banda que estaba en la c\u00e1rcel tom\u00f3 medidas de seguridad: destruy\u00f3 todos los celulares que ten\u00eda. \u201cCada vez est\u00e1 peor, cada vez se complica m\u00e1s. Pero no hay que enloquecerse\u201d, reflexionaba desde la c\u00e1rcel Sergio Baldi hablando con un detenido en Santa Fe, identificado como \u201cChavo\u201d.<\/p>\n<p>&#8211; En orden a esto, hab\u00eda preocupaci\u00f3n porque \u201ctodas las comunicaciones salieron de ac\u00e1 adentro\u201d, es desde la unidad penal, explic\u00f3 Baldi al santafesino.<\/p>\n<p>&#8211; Otro di\u00e1logo de Baldi con \u201cChavo\u201d anticipaba movimientos de la banda. El santafesino le ped\u00eda que le consiga hach\u00eds y anfetaminas y Baldi le respond\u00eda que pod\u00eda obtener ambas sustancias ahora que estaba en un r\u00e9gimen m\u00e1s laxo de detenci\u00f3n. El detenido de la otra orilla le indicaba a Baldi que conoc\u00eda a un chileno que sab\u00eda hacer lo que quer\u00eda hacer: cocinar drogas. \u201cEste loco sabe lo que vos quer\u00e9s hacer, sabe cocinar. Es chileno. Es de all\u00e1 arriba. Vemos si podemos armar la pizzer\u00eda para que vos cocines\u201d, le dijo \u201cChavo\u201d a Baldi en el llamado interceptado.<\/p>\n<p>&#8211; Los hermanos Jos\u00e9 y Omar Ghibaudo llamaron el 29 de marzo de 2017 a Esther M\u00e1rquez, la curandera, para comentarle que esperaban el avi\u00f3n para d\u00eda siguiente, que le estaban asentando el motor. Y que el d\u00eda anterior le hab\u00edan llevado la nafta en un acoplado. El acoplado fue ubicado en el campo de Mar\u00eda Grande 2da. Le hab\u00edan cargado nafta Shell V Power en una estaci\u00f3n de servicio cercana.<\/p>\n<p>&#8211; Con respecto a la nafta, tambi\u00e9n se pas\u00f3 una conversaci\u00f3n entre \u201cTavi\u201d Celis y Cristian Silva. Este \u00faltimo habr\u00eda tenido un rol importante en la banda: como parte de la estrategia para recuperar el dinero invertido en la campa\u00f1a, el capo narco presionaba a las autoridades municipales para que le entreguen dinero u \u201cobras\u201d que se realizar\u00edan a trav\u00e9s de la empresa de Silva.<\/p>\n<p>&#8211; En las operatorias narco, se saca y se env\u00eda una foto del cargamento al momento del despegue de la aeronave.<\/p>\n<p>&#8211; Una avioneta puede recorrer la distancia entre esta zona y el Paraguay en unas 4 \u00f3 5 horas.<\/p>\n<p>&#8211; \u201cQue cague la paloma\u201d implica que el avi\u00f3n no aterriza, sino que lanza a tierra el cargamento en vuelo.<\/p>\n<p>&nbsp;<\/p>\n<p><strong>Indagatorias<\/strong><\/p>\n<p>Las defensas adelantaron que varios acusados declarar\u00e1n cuando terminen de pasar los testigos: se trata de Baldi; Carlos de la Fuente (alias \u201cel cordob\u00e9s\u201d, sindicado como contacto en C\u00f3rdoba para el negocio de estupefacientes); Griselda Bordeira (funcionaria municipal del \u00e1rea de Seguridad) y Daniel Celis.<\/p>\n<p>La defensa del intendente Sergio Varisco hab\u00eda mencionado que su pupilo tambi\u00e9n hablar\u00eda frente al TOCF, pero los \u201cacontecimientos municipales\u201d que se han vivido en los \u00faltimos d\u00edas en la capital de la provincia y que amenazan prolongarse hasta el fin de su mandato en unas semanas, lo impiden precis\u00f3 el abogado Miguel Cullen.<\/p>\n<p>Este martes ampli\u00f3 su indagatoria Carlos Larrosa. \u201cA m\u00ed me ponen como asistente colaborador de Miguel \u00c1ngel \u201cTiti\u201d Celis (hermano de Tavi y quien habr\u00eda quedado al frente de las operaciones de la banda tras su detenci\u00f3n) pero no lo soy, solo soy su amigo\u201d, dijo. A rengl\u00f3n seguido describi\u00f3 su v\u00ednculo con \u201cTiti\u201d como \u201cuna amistad laboral del taller, era uno de mis clientes\u201d. Larrosa se dedicaba a la reparaci\u00f3n de electrodom\u00e9sticos y refrigeraci\u00f3n.<\/p>\n<p>Las pesquisas policiales ubican la camioneta Saveiro blanca con vidrios polarizados de Larrosa en la zona de Colonia Avellaneda momentos antes de que aterrice la avioneta. El acusado se defendi\u00f3 diciendo que se la hab\u00eda prestado a Miguel \u00c1ngel Celis (en coincidencia con la indagatoria de \u201cTiti\u201d, quien dijo que sol\u00edan intercambiar veh\u00edculos por razones laborales y que esa tarde \u00e9l conduc\u00eda la camioneta).<\/p>\n<p>Larrosa incluso confes\u00f3 que hab\u00eda alterado los hechos en su primera versi\u00f3n de lo ocurrido: entonces dijo que le llev\u00f3 la Saveiro a Celis y que luego llam\u00f3 a un amigo para que lo lleve a su casa. \u201cEsto fue parte de la estrategia de mi primer abogado\u201d, asegur\u00f3, indicando que hab\u00eda regresado a su domicilio en un Honda Fit propiedad de \u201cTiti\u201d. Luego, no supo explicar al Tribunal porqu\u00e9 Celis le pidi\u00f3 la camioneta si ten\u00eda movilidad propia.<\/p>\n<p>El acusado tambi\u00e9n intent\u00f3 despegarse de De la Fuente, a quien dijo que conoci\u00f3 unas semanas antes de la detenci\u00f3n de la avioneta en casa de Miguel \u00c1ngel Celis. Y dijo no recordar haber viajado a C\u00f3rdoba, al domicilio de \u201cel cordob\u00e9s\u201d. En las escuchas que posteriormente se incorporaron a la causa, sin embargo, se escucharon una par de conversaciones donde \u201cTiti\u201d lo invita a ir a C\u00f3rdoba, a lo de De la Fuente.<\/p>\n","protected":false},"excerpt":{"rendered":"<p>El Tribunal Oral Criminal Federal (TOCF) incorpor\u00f3 en la audiencia de este martes una serie de escuchas realizadas por la Polic\u00eda Federal (PFA) que desnudaron el accionar de la banda narco que liderar\u00eda Daniel \u201cTavi\u201d Celis y tambi\u00e9n c\u00f3mo la organizaci\u00f3n se vinculaba con el gobierno municipal de Cambiemos, encabezado por el intendente Sergio Varisco. Se espera la declaraci\u00f3n de \u201cTavi\u201d Celis para las pr\u00f3ximas semanas, mientras que Varisco anticip\u00f3 a trav\u00e9s de sus defensores que es posible que finalmente no hable ante el Tribunal &nbsp; &nbsp; \u201cEstoy cansado de&#8230;<\/p>\n","protected":false},"author":3,"featured_media":51656,"comment_status":"closed","ping_status":"closed","sticky":false,"template":"","format":"standard","meta":[],"categories":[15],"tags":[],"_links":{"self":[{"href":"https:\/\/www.actualidadadiario.com\/index.php\/wp-json\/wp\/v2\/posts\/54724"}],"collection":[{"href":"https:\/\/www.actualidadadiario.com\/index.php\/wp-json\/wp\/v2\/posts"}],"about":[{"href":"https:\/\/www.actualidadadiario.com\/index.php\/wp-json\/wp\/v2\/types\/post"}],"author":[{"embeddable":true,"href":"https:\/\/www.actualidadadiario.com\/index.php\/wp-json\/wp\/v2\/users\/3"}],"replies":[{"embeddable":true,"href":"https:\/\/www.actualidadadiario.com\/index.php\/wp-json\/wp\/v2\/comments?post=54724"}],"version-history":[{"count":1,"href":"https:\/\/www.actualidadadiario.com\/index.php\/wp-json\/wp\/v2\/posts\/54724\/revisions"}],"predecessor-version":[{"id":54725,"href":"https:\/\/www.actualidadadiario.com\/index.php\/wp-json\/wp\/v2\/posts\/54724\/revisions\/54725"}],"wp:featuredmedia":[{"embeddable":true,"href":"https:\/\/www.actualidadadiario.com\/index.php\/wp-json\/wp\/v2\/media\/51656"}],"wp:attachment":[{"href":"https:\/\/www.actualidadadiario.com\/index.php\/wp-json\/wp\/v2\/media?parent=54724"}],"wp:term":[{"taxonomy":"category","embeddable":true,"href":"https:\/\/www.actualidadadiario.com\/index.php\/wp-json\/wp\/v2\/categories?post=54724"},{"taxonomy":"post_tag","embeddable":true,"href":"https:\/\/www.actualidadadiario.com\/index.php\/wp-json\/wp\/v2\/tags?post=54724"}],"curies":[{"name":"wp","href":"https:\/\/api.w.org\/{rel}","templated":true}]}}