{"id":54721,"date":"2019-11-27T10:17:48","date_gmt":"2019-11-27T13:17:48","guid":{"rendered":"https:\/\/www.actualidadadiario.com\/?p=54721"},"modified":"2019-11-27T10:17:48","modified_gmt":"2019-11-27T13:17:48","slug":"frigorifico-entrerriano-fue-habilitado-para-exportar-carne-vacuna-hacia-china","status":"publish","type":"post","link":"https:\/\/www.actualidadadiario.com\/index.php\/2019\/11\/27\/frigorifico-entrerriano-fue-habilitado-para-exportar-carne-vacuna-hacia-china\/","title":{"rendered":"Frigor\u00edfico entrerriano fue habilitado para exportar carne vacuna hacia China"},"content":{"rendered":"<p style=\"text-align: center;\"><em><strong>El gobierno de China habilit\u00f3 al Frigor\u00edfico Alberdi, de Oro Verde, Entre R\u00edos, para comenzar a exportar carne congelada. La noticia genera expectativas en el sector, dado la amplia demanda del gigante asi\u00e1tico: \u201cSe llevan todo\u201d, se\u00f1alan los conocedores de aquel mercado<\/strong><\/em><\/p>\n<p>&nbsp;<\/p>\n<p>Una vez que se aprueben los r\u00f3tulos, se establezcan los contactos con los potenciales clientes y se cierren los negocios, las exportaciones comenzar\u00edan. El plazo est\u00e1 estimado en unos dos meses.<\/p>\n<p>Las autoridades del frigor\u00edfico, hab\u00edan informado a Dos Florines, en agosto pasado, que el objetivo central era exportar a China y en funci\u00f3n de ello se implement\u00f3 una pol\u00edtica de inversiones para aumentar la faena.<\/p>\n<p>La habilitaci\u00f3n para exportar a China, destacaron en agosto \u2013cuando se anunci\u00f3 la fusi\u00f3n de los grupos Lequio y Olio\u2013, \u201ces nuestro incentivo\u201d porque \u201ctenemos una proyecci\u00f3n para hacer una ampliaci\u00f3n de la planta, una obra de 22 millones de d\u00f3lares \u2013de capitales argentinos\u2013 para producir el doble, es decir 18.000 cabezas, facturar el doble y poder abastecer el mercado chino. Eso va a generar unas 250 fuentes de trabajo m\u00e1s\u201d.<\/p>\n","protected":false},"excerpt":{"rendered":"<p>El gobierno de China habilit\u00f3 al Frigor\u00edfico Alberdi, de Oro Verde, Entre R\u00edos, para comenzar a exportar carne congelada. La noticia genera expectativas en el sector, dado la amplia demanda del gigante asi\u00e1tico: \u201cSe llevan todo\u201d, se\u00f1alan los conocedores de aquel mercado &nbsp; Una vez que se aprueben los r\u00f3tulos, se establezcan los contactos con los potenciales clientes y se cierren los negocios, las exportaciones comenzar\u00edan. El plazo est\u00e1 estimado en unos dos meses. Las autoridades del frigor\u00edfico, hab\u00edan informado a Dos Florines, en agosto pasado, que el objetivo central&#8230;<\/p>\n","protected":false},"author":3,"featured_media":54722,"comment_status":"closed","ping_status":"closed","sticky":false,"template":"","format":"standard","meta":[],"categories":[9],"tags":[],"_links":{"self":[{"href":"https:\/\/www.actualidadadiario.com\/index.php\/wp-json\/wp\/v2\/posts\/54721"}],"collection":[{"href":"https:\/\/www.actualidadadiario.com\/index.php\/wp-json\/wp\/v2\/posts"}],"about":[{"href":"https:\/\/www.actualidadadiario.com\/index.php\/wp-json\/wp\/v2\/types\/post"}],"author":[{"embeddable":true,"href":"https:\/\/www.actualidadadiario.com\/index.php\/wp-json\/wp\/v2\/users\/3"}],"replies":[{"embeddable":true,"href":"https:\/\/www.actualidadadiario.com\/index.php\/wp-json\/wp\/v2\/comments?post=54721"}],"version-history":[{"count":1,"href":"https:\/\/www.actualidadadiario.com\/index.php\/wp-json\/wp\/v2\/posts\/54721\/revisions"}],"predecessor-version":[{"id":54723,"href":"https:\/\/www.actualidadadiario.com\/index.php\/wp-json\/wp\/v2\/posts\/54721\/revisions\/54723"}],"wp:featuredmedia":[{"embeddable":true,"href":"https:\/\/www.actualidadadiario.com\/index.php\/wp-json\/wp\/v2\/media\/54722"}],"wp:attachment":[{"href":"https:\/\/www.actualidadadiario.com\/index.php\/wp-json\/wp\/v2\/media?parent=54721"}],"wp:term":[{"taxonomy":"category","embeddable":true,"href":"https:\/\/www.actualidadadiario.com\/index.php\/wp-json\/wp\/v2\/categories?post=54721"},{"taxonomy":"post_tag","embeddable":true,"href":"https:\/\/www.actualidadadiario.com\/index.php\/wp-json\/wp\/v2\/tags?post=54721"}],"curies":[{"name":"wp","href":"https:\/\/api.w.org\/{rel}","templated":true}]}}