{"id":54679,"date":"2019-11-26T10:54:53","date_gmt":"2019-11-26T13:54:53","guid":{"rendered":"https:\/\/www.actualidadadiario.com\/?p=54679"},"modified":"2019-11-26T10:54:53","modified_gmt":"2019-11-26T13:54:53","slug":"finalmente-alperovich-pidio-licencia-en-el-senado","status":"publish","type":"post","link":"https:\/\/www.actualidadadiario.com\/index.php\/2019\/11\/26\/finalmente-alperovich-pidio-licencia-en-el-senado\/","title":{"rendered":"Finalmente, Alperovich pidi\u00f3 licencia en el Senado"},"content":{"rendered":"<p style=\"text-align: center;\"><em><strong>Acusado por una sobrina por violaci\u00f3n, Jos\u00e9 Alperovich pidi\u00f3 ayer licencia a sus labores como senador nacional. Pese a resistirse en un primer momento, el ex gobernador tucumano decidi\u00f3 suspender su trabajo legislativo hasta que la Justicia esclarezca la denuncia en su contra<\/strong><\/em><\/p>\n<p>&nbsp;<\/p>\n<p>La joven, de 29 a\u00f1os, ampli\u00f3 ayer la denuncia contra su t\u00edo en tribunales de Tucum\u00e1n y dio detalles sobre los hechos de presunto abuso sexual que, seg\u00fan asegur\u00f3, se produjeron entre fines de 2017 y mayo de 2019 tanto en la ciudad de Buenos Aires como en la provincia norte\u00f1a.<\/p>\n<p>Varios dirigentes del Frente de Todos le hab\u00edan reclamado a Alperovich que presentara una licencia a su cargo para no comprometer a los senadores peronistas mientras transcurriera la investigaci\u00f3n de los hechos denunciados. Sin embargo, el dirigente hab\u00eda resistido: &#8220;Yo no hice nada malo. No entiendo por qu\u00e9 entonces deber\u00eda dar un paso al costado. Es obvio que toda esta denuncia es un operativo&#8221;, dijo d\u00edas atr\u00e1s.<\/p>\n<p>La senadora pampeana Norma Durango hab\u00eda se\u00f1alado en la tarde de ayer que &#8220;Alperovich deber\u00eda, por lo menos, tomar licencia y lo m\u00e1s importante es que la Justicia act\u00fae r\u00e1pidamente&#8221;. La legisladora, que es presidenta de la comisi\u00f3n de la Mujer, exhort\u00f3 al tucumano a &#8220;tomar una decisi\u00f3n y no poner al pleno en una situaci\u00f3n tan dif\u00edcil&#8221;.<\/p>\n<p>&#8220;Estoy indignada, impactada, muy conmovida por esta historia revulsiva, terrible. M\u00e1s all\u00e1 de qui\u00e9n sea el victimario nosotros nos solidarizamos con las mujeres que han sido v\u00edctimas de estas situaciones dentro y fuera del Senado&#8221;, agreg\u00f3 Durango.<\/p>\n","protected":false},"excerpt":{"rendered":"<p>Acusado por una sobrina por violaci\u00f3n, Jos\u00e9 Alperovich pidi\u00f3 ayer licencia a sus labores como senador nacional. Pese a resistirse en un primer momento, el ex gobernador tucumano decidi\u00f3 suspender su trabajo legislativo hasta que la Justicia esclarezca la denuncia en su contra &nbsp; La joven, de 29 a\u00f1os, ampli\u00f3 ayer la denuncia contra su t\u00edo en tribunales de Tucum\u00e1n y dio detalles sobre los hechos de presunto abuso sexual que, seg\u00fan asegur\u00f3, se produjeron entre fines de 2017 y mayo de 2019 tanto en la ciudad de Buenos Aires&#8230;<\/p>\n","protected":false},"author":3,"featured_media":54680,"comment_status":"closed","ping_status":"closed","sticky":false,"template":"","format":"standard","meta":[],"categories":[18],"tags":[],"_links":{"self":[{"href":"https:\/\/www.actualidadadiario.com\/index.php\/wp-json\/wp\/v2\/posts\/54679"}],"collection":[{"href":"https:\/\/www.actualidadadiario.com\/index.php\/wp-json\/wp\/v2\/posts"}],"about":[{"href":"https:\/\/www.actualidadadiario.com\/index.php\/wp-json\/wp\/v2\/types\/post"}],"author":[{"embeddable":true,"href":"https:\/\/www.actualidadadiario.com\/index.php\/wp-json\/wp\/v2\/users\/3"}],"replies":[{"embeddable":true,"href":"https:\/\/www.actualidadadiario.com\/index.php\/wp-json\/wp\/v2\/comments?post=54679"}],"version-history":[{"count":1,"href":"https:\/\/www.actualidadadiario.com\/index.php\/wp-json\/wp\/v2\/posts\/54679\/revisions"}],"predecessor-version":[{"id":54681,"href":"https:\/\/www.actualidadadiario.com\/index.php\/wp-json\/wp\/v2\/posts\/54679\/revisions\/54681"}],"wp:featuredmedia":[{"embeddable":true,"href":"https:\/\/www.actualidadadiario.com\/index.php\/wp-json\/wp\/v2\/media\/54680"}],"wp:attachment":[{"href":"https:\/\/www.actualidadadiario.com\/index.php\/wp-json\/wp\/v2\/media?parent=54679"}],"wp:term":[{"taxonomy":"category","embeddable":true,"href":"https:\/\/www.actualidadadiario.com\/index.php\/wp-json\/wp\/v2\/categories?post=54679"},{"taxonomy":"post_tag","embeddable":true,"href":"https:\/\/www.actualidadadiario.com\/index.php\/wp-json\/wp\/v2\/tags?post=54679"}],"curies":[{"name":"wp","href":"https:\/\/api.w.org\/{rel}","templated":true}]}}