{"id":54676,"date":"2019-11-26T10:54:10","date_gmt":"2019-11-26T13:54:10","guid":{"rendered":"https:\/\/www.actualidadadiario.com\/?p=54676"},"modified":"2019-11-26T10:54:10","modified_gmt":"2019-11-26T13:54:10","slug":"macri-prometio-aportar-a-traves-de-una-oposicion-constructiva-y-responsable","status":"publish","type":"post","link":"https:\/\/www.actualidadadiario.com\/index.php\/2019\/11\/26\/macri-prometio-aportar-a-traves-de-una-oposicion-constructiva-y-responsable\/","title":{"rendered":"Macri prometi\u00f3 aportar a trav\u00e9s de &#8220;una oposici\u00f3n constructiva y responsable&#8221;"},"content":{"rendered":"<p style=\"text-align: center;\"><em><strong>El Gobierno est\u00e1 atento al anuncio del futuro gabinete. Cree que una vez que se conozcan los nombres de los ministros comenzar\u00e1 la transici\u00f3n. La \u00faltima semana de la gesti\u00f3n macrista avanzar\u00e1 en el traspaso y podr\u00eda haber un acto formal para informar la herencia<\/strong><\/em><\/p>\n<p>&nbsp;<\/p>\n<p>Tras la reuni\u00f3n gabinete, el ministro de Justicia, Germ\u00e1n Garavano, confirm\u00f3 que el viernes 6 de diciembre, cuando anuncien el futuro gabinete, &#8220;eso habilitar\u00e1 la transici\u00f3n&#8221;.<\/p>\n<p>Hasta ahora hubo contactos entre el jefe de Gabinete, Marcos Pe\u00f1a, y Santiago Cafiero, quien suena como futuro jefe de ministros. Tambi\u00e9n el ministro del Interior, Rogelio Frigerio, mantuvo llamados telef\u00f3nicos informales con los asesores de Alberto Fern\u00e1ndez. La etapa de transici\u00f3n viene m\u00e1s lenta de lo esperado para la Casa Rosada. El Presidente encomend\u00f3 a cada ministro dejar toda la informaci\u00f3n ordenada para los sucesores.<\/p>\n<p>&#8220;Cada uno est\u00e1 preparando el material para dejar lo actuado y los proyectos en marcha. Todo el detalle de las acciones e iniciativas que desarrollamos en cada ministerio y secretar\u00eda. Eso va a estar documentado por cada uno&#8221;, explic\u00f3 el vice jefe de Gabinete, Andr\u00e9s Ibarra en una conferencia de prensa. Al ser consultado sobre la posibilidad de hacer alg\u00fan balance p\u00fablico final sobre la gesti\u00f3n de Macri, el funcionario aclar\u00f3 que a\u00fan no est\u00e1 resuelto pero que habr\u00e1 &#8220;novedades en los pr\u00f3ximos d\u00edas&#8221;.<\/p>\n<p>En el marco de la transici\u00f3n, el Presidente dej\u00f3 un mensaje a la oposici\u00f3n al inaugurar una estaci\u00f3n del ferrocarril Belgrano Sur. &#8220;Con estas bases que dejamos, le van a permitir seguir transformando&#8221;, le transmiti\u00f3 indirectamente a Alberto Fern\u00e1ndez. En la misma l\u00ednea se refiri\u00f3 Garavano cuando fue consultado sobre las declaraciones del jefe de Estado. &#8220;Se dejan bases s\u00f3lidas con respeto a los derechos y a la institucionalidad, m\u00e1s el esfuerzo econ\u00f3mico, m\u00e1s las obras. El pa\u00eds est\u00e1 en condiciones de generar un \u00e9poca de crecimiento y desarrollo&#8221;, afirm\u00f3.<\/p>\n<p>Con respecto al rol de l\u00edder opositor, Macri insisti\u00f3 que seguir\u00e1 donde le toque, &#8220;aportando en una oposici\u00f3n constructiva, responsable, porque todos hemos entendido que jam\u00e1s nos tenemos que resignar&#8221;. Mientras el l\u00edder del PRO reafirmaba sus intenciones pol\u00edticas despu\u00e9s del 10 de diciembre, el jefe de gobierno porte\u00f1o, escuchaba atento los elogios, pese a que busc\u00f3 marcarle la cancha. Con una palmada por la espalda, Macri felicit\u00f3 a Rodr\u00edguez Larreta por ser el primer jefe de gobierno porte\u00f1o en ganar en primera vuelta.<\/p>\n","protected":false},"excerpt":{"rendered":"<p>El Gobierno est\u00e1 atento al anuncio del futuro gabinete. Cree que una vez que se conozcan los nombres de los ministros comenzar\u00e1 la transici\u00f3n. La \u00faltima semana de la gesti\u00f3n macrista avanzar\u00e1 en el traspaso y podr\u00eda haber un acto formal para informar la herencia &nbsp; Tras la reuni\u00f3n gabinete, el ministro de Justicia, Germ\u00e1n Garavano, confirm\u00f3 que el viernes 6 de diciembre, cuando anuncien el futuro gabinete, &#8220;eso habilitar\u00e1 la transici\u00f3n&#8221;. Hasta ahora hubo contactos entre el jefe de Gabinete, Marcos Pe\u00f1a, y Santiago Cafiero, quien suena como futuro&#8230;<\/p>\n","protected":false},"author":3,"featured_media":54677,"comment_status":"closed","ping_status":"closed","sticky":false,"template":"","format":"standard","meta":[],"categories":[18],"tags":[],"_links":{"self":[{"href":"https:\/\/www.actualidadadiario.com\/index.php\/wp-json\/wp\/v2\/posts\/54676"}],"collection":[{"href":"https:\/\/www.actualidadadiario.com\/index.php\/wp-json\/wp\/v2\/posts"}],"about":[{"href":"https:\/\/www.actualidadadiario.com\/index.php\/wp-json\/wp\/v2\/types\/post"}],"author":[{"embeddable":true,"href":"https:\/\/www.actualidadadiario.com\/index.php\/wp-json\/wp\/v2\/users\/3"}],"replies":[{"embeddable":true,"href":"https:\/\/www.actualidadadiario.com\/index.php\/wp-json\/wp\/v2\/comments?post=54676"}],"version-history":[{"count":1,"href":"https:\/\/www.actualidadadiario.com\/index.php\/wp-json\/wp\/v2\/posts\/54676\/revisions"}],"predecessor-version":[{"id":54678,"href":"https:\/\/www.actualidadadiario.com\/index.php\/wp-json\/wp\/v2\/posts\/54676\/revisions\/54678"}],"wp:featuredmedia":[{"embeddable":true,"href":"https:\/\/www.actualidadadiario.com\/index.php\/wp-json\/wp\/v2\/media\/54677"}],"wp:attachment":[{"href":"https:\/\/www.actualidadadiario.com\/index.php\/wp-json\/wp\/v2\/media?parent=54676"}],"wp:term":[{"taxonomy":"category","embeddable":true,"href":"https:\/\/www.actualidadadiario.com\/index.php\/wp-json\/wp\/v2\/categories?post=54676"},{"taxonomy":"post_tag","embeddable":true,"href":"https:\/\/www.actualidadadiario.com\/index.php\/wp-json\/wp\/v2\/tags?post=54676"}],"curies":[{"name":"wp","href":"https:\/\/api.w.org\/{rel}","templated":true}]}}