{"id":54673,"date":"2019-11-26T10:53:18","date_gmt":"2019-11-26T13:53:18","guid":{"rendered":"https:\/\/www.actualidadadiario.com\/?p=54673"},"modified":"2019-11-26T10:53:18","modified_gmt":"2019-11-26T13:53:18","slug":"se-definio-quien-le-tomara-juramento-a-alberto-fernandez","status":"publish","type":"post","link":"https:\/\/www.actualidadadiario.com\/index.php\/2019\/11\/26\/se-definio-quien-le-tomara-juramento-a-alberto-fernandez\/","title":{"rendered":"Se defini\u00f3 qui\u00e9n le tomar\u00e1 juramento a Alberto Fern\u00e1ndez"},"content":{"rendered":"<p style=\"text-align: center;\"><em><strong>La transici\u00f3n presidencial abri\u00f3 el debate sobre si la ceremonia debe ser presidida por la vicepresidenta saliente, Gabriela Michetti, o la entrante, Cristina Kirchner. Tras analizar la Constituci\u00f3n hubo un acuerdo para evitar conflictos el 10 de diciembre<\/strong><\/em><\/p>\n<p>&nbsp;<\/p>\n<p>&nbsp;<\/p>\n<p>Seg\u00fan estipula el art\u00edculo 93 de la Constituci\u00f3n Nacional, \u201cal tomar posesi\u00f3n de su cargo el Presidente y vicepresidente prestar\u00e1n juramento, en manos del presidente del Senado y ante el Congreso reunido en Asamblea\u201d. \u00bfPero qui\u00e9n ser\u00e1?, \u00bfGabriela Michetti o Cristina Kirchner?<\/p>\n<p>Seg\u00fan revel\u00f3 el portal Infobae, confirmaron que el gobierno saliente aceptar\u00e1 que sea la vicepresidenta entrante la que le tome juramento c\u00f3mo Presidente de la Naci\u00f3n a Alberto Fern\u00e1ndez.<\/p>\n<p>Los nuevos legisladores jurar\u00e1n el 27 de noviembre por lo que la reuni\u00f3n entre Michetti y Kirchner para consensuar los detalles tendr\u00eda lugar a fines de esta misma semana.<\/p>\n<p>Posteriormente a la jura, el presidente saliente le pasar\u00e1 los atributos de mando al mandatario entrante. En la Constituci\u00f3n no se especifica d\u00f3nde debe tener lugar esta parte de la ceremonia.<\/p>\n<p>Desde el equipo de Alberto Fern\u00e1ndez ya adelantaron que toda la ceremonia se realizar\u00e1 frente a la Asamblea Legislativa. All\u00ed tambi\u00e9n Fern\u00e1ndez har\u00e1 su primer discurso como jefe de Estado y hasta podr\u00eda adelantar algunas de sus primeras medidas.<\/p>\n","protected":false},"excerpt":{"rendered":"<p>La transici\u00f3n presidencial abri\u00f3 el debate sobre si la ceremonia debe ser presidida por la vicepresidenta saliente, Gabriela Michetti, o la entrante, Cristina Kirchner. Tras analizar la Constituci\u00f3n hubo un acuerdo para evitar conflictos el 10 de diciembre &nbsp; &nbsp; Seg\u00fan estipula el art\u00edculo 93 de la Constituci\u00f3n Nacional, \u201cal tomar posesi\u00f3n de su cargo el Presidente y vicepresidente prestar\u00e1n juramento, en manos del presidente del Senado y ante el Congreso reunido en Asamblea\u201d. \u00bfPero qui\u00e9n ser\u00e1?, \u00bfGabriela Michetti o Cristina Kirchner? Seg\u00fan revel\u00f3 el portal Infobae, confirmaron que el&#8230;<\/p>\n","protected":false},"author":3,"featured_media":54674,"comment_status":"closed","ping_status":"closed","sticky":false,"template":"","format":"standard","meta":[],"categories":[9],"tags":[],"_links":{"self":[{"href":"https:\/\/www.actualidadadiario.com\/index.php\/wp-json\/wp\/v2\/posts\/54673"}],"collection":[{"href":"https:\/\/www.actualidadadiario.com\/index.php\/wp-json\/wp\/v2\/posts"}],"about":[{"href":"https:\/\/www.actualidadadiario.com\/index.php\/wp-json\/wp\/v2\/types\/post"}],"author":[{"embeddable":true,"href":"https:\/\/www.actualidadadiario.com\/index.php\/wp-json\/wp\/v2\/users\/3"}],"replies":[{"embeddable":true,"href":"https:\/\/www.actualidadadiario.com\/index.php\/wp-json\/wp\/v2\/comments?post=54673"}],"version-history":[{"count":1,"href":"https:\/\/www.actualidadadiario.com\/index.php\/wp-json\/wp\/v2\/posts\/54673\/revisions"}],"predecessor-version":[{"id":54675,"href":"https:\/\/www.actualidadadiario.com\/index.php\/wp-json\/wp\/v2\/posts\/54673\/revisions\/54675"}],"wp:featuredmedia":[{"embeddable":true,"href":"https:\/\/www.actualidadadiario.com\/index.php\/wp-json\/wp\/v2\/media\/54674"}],"wp:attachment":[{"href":"https:\/\/www.actualidadadiario.com\/index.php\/wp-json\/wp\/v2\/media?parent=54673"}],"wp:term":[{"taxonomy":"category","embeddable":true,"href":"https:\/\/www.actualidadadiario.com\/index.php\/wp-json\/wp\/v2\/categories?post=54673"},{"taxonomy":"post_tag","embeddable":true,"href":"https:\/\/www.actualidadadiario.com\/index.php\/wp-json\/wp\/v2\/tags?post=54673"}],"curies":[{"name":"wp","href":"https:\/\/api.w.org\/{rel}","templated":true}]}}