{"id":54662,"date":"2019-11-26T10:50:15","date_gmt":"2019-11-26T13:50:15","guid":{"rendered":"https:\/\/www.actualidadadiario.com\/?p=54662"},"modified":"2019-11-26T10:50:15","modified_gmt":"2019-11-26T13:50:15","slug":"ya-son-61-los-casos-confirmados-de-sarampion-en-argentina-y-el-gobierno-reforzo-las-recomendaciones-de-vacunacion","status":"publish","type":"post","link":"https:\/\/www.actualidadadiario.com\/index.php\/2019\/11\/26\/ya-son-61-los-casos-confirmados-de-sarampion-en-argentina-y-el-gobierno-reforzo-las-recomendaciones-de-vacunacion\/","title":{"rendered":"Ya son 61 los casos confirmados de sarampi\u00f3n en Argentina y el Gobierno reforz\u00f3 las recomendaciones de vacunaci\u00f3n"},"content":{"rendered":"<p style=\"text-align: center;\"><em><strong>Desde la Secretar\u00eda de Salud se adquirieron dosis adicionales de vacuna triple y doble viral para hacer frente al brote que comenz\u00f3 en septiembre. Instan a la poblaci\u00f3n a chequear tener los esquemas de vacunaci\u00f3n actualizados<\/strong><\/em><\/p>\n<p>&nbsp;<\/p>\n<p>&nbsp;<\/p>\n<p>El Gobierno reforz\u00f3 recomendaciones de vacunaci\u00f3n ante nuevos casos de sarampi\u00f3n: De acuerdo a lo informado en el \u00faltimo reporte del organismo, ya suman 61 los casos confirmados en lo que va del a\u00f1o.<\/p>\n<p>Desde la cartera de Salud informaron que adquirieron dosis adicionales de vacuna triple y doble viral para hacer frente al brote que comenz\u00f3 en septiembre. Asimismo, destacaron que las vacunas del Calendario Nacional que corresponden al primer trimestre del 2020 se distribuir\u00e1n el pr\u00f3ximo mes, es decir en diciembre.<\/p>\n<p>\u201cInstamos a la poblaci\u00f3n a chequear los esquemas de vacunaci\u00f3n contra el sarampi\u00f3n y a aplicar la \u201cdosis cero\u201d a ni\u00f1os de entre 6 y 11 meses inclusive, sobre todo aquellos que residen en la ciudad y provincia de Buenos Aires\u201d, resaltaron en un comunicado de prensa.<\/p>\n<p>A su vez, agregaron que los ni\u00f1os de entre 13 meses y 4 a\u00f1os que viven en las jurisdicciones mencionadas deber\u00e1n acreditar dos dosis de vacuna triple viral, aplicadas despu\u00e9s del primer a\u00f1o de vida.<\/p>\n<p>&nbsp;<\/p>\n<p><strong>Enfermedad contagiosa y mortal<\/strong><\/p>\n<p>El sarampi\u00f3n es una enfermedad altamente contagiosa causada por un virus que se reproduce en la nariz y en la garganta de un ni\u00f1o o adulto infectado. Luego, cuando una persona con sarampi\u00f3n tose, estornuda o habla, las gotas infectadas se expulsan al aire, donde otras personas pueden inhalarlas.<\/p>\n<p>Las gotas infectadas tambi\u00e9n pueden depositarse sobre una superficie, donde permanecen activas y contagiosas durante varias horas. Si te tocas la boca o la nariz con los dedos o te refriegas los ojos luego de tocar una superficie infectada, puedes contraer el virus.<\/p>\n<p>Alrededor del 90% de las personas propensas que se exponen a una persona que tiene el virus, se puede infectar.<\/p>\n<p>&nbsp;<\/p>\n<p><strong>Factores de riesgo<\/strong><\/p>\n<p>Los m\u00e9dicos de Mayo Clinic, en EE. UU. destacan que los factores de riesgo para el sarampi\u00f3n se incluyen los siguientes:<\/p>\n<ul>\n<li>No estar vacunado. Si no has recibido la vacuna contra el sarampi\u00f3n, es mucho m\u00e1s probable que manifiestes la enfermedad.<\/li>\n<li>Viajar a diferentes pa\u00edses. Si viajas a pa\u00edses en desarrollo, donde el sarampi\u00f3n es m\u00e1s frecuente, tienes un riesgo mayor de contraer la enfermedad.<\/li>\n<li>Tener deficiencia de vitamina A. Si no tienes la cantidad suficiente de vitamina A en tu dieta, es m\u00e1s probable que tengas s\u00edntomas m\u00e1s graves y complicaciones.<\/li>\n<\/ul>\n<p>&nbsp;<\/p>\n<p><strong>Posibles complicaciones<\/strong><\/p>\n<p>Entre las complicaciones del sarampi\u00f3n se incluyen las siguientes:<\/p>\n<ul>\n<li>Infecci\u00f3n de los o\u00eddos. Una de las complicaciones m\u00e1s frecuentes del sarampi\u00f3n es la infecci\u00f3n bacteriana del o\u00eddo.<\/li>\n<li>Bronquitis, laringitis o crup. El sarampi\u00f3n puede provocar la inflamaci\u00f3n del aparato de la voz (laringe) o la inflamaci\u00f3n de las paredes internas que alinean las principales v\u00edas de paso de aire de los pulmones (tubos bronquiales).<\/li>\n<li>Neumon\u00eda. La neumon\u00eda es una complicaci\u00f3n frecuente del sarampi\u00f3n. Las personas que tienen el sistema inmunitario comprometido pueden contraer una variedad especialmente peligrosa de neumon\u00eda que, a veces, es mortal.<\/li>\n<li>Encefalitis. Aproximadamente, 1 de cada 1000 personas con sarampi\u00f3n puede contraer una complicaci\u00f3n llamada &#8220;encefalitis&#8221;. La encefalitis puede manifestarse muy poco despu\u00e9s de haber contra\u00eddo sarampi\u00f3n o despu\u00e9s de varios meses.<\/li>\n<li>Problemas en el embarazo. Si est\u00e1s embarazada, debes tener mucho cuidado de no contagiarte sarampi\u00f3n porque esta enfermedad puede provocar un parto prematuro, bajo peso en el beb\u00e9 al nacer o mortalidad materna.<\/li>\n<\/ul>\n<p>&nbsp;<\/p>\n<p><strong>Un brote regional<\/strong><\/p>\n<p>La situaci\u00f3n por la que atraviesa la Argentina sucede en un contexto de expansi\u00f3n de la enfermedad a nivel global. En la Regi\u00f3n de las Am\u00e9ricas, t\u00e9rmino acu\u00f1ado por la Organizaci\u00f3n Mundial de la Salud (OMS), 14 de los 35 estados que forman parte confirmaron casos durante 2019 y dos pa\u00edses restablecieron la circulaci\u00f3n end\u00e9mica: Brasil y Venezuela.<\/p>\n<p>Brasil presenta el brote m\u00e1s significativo de la afecci\u00f3n, con 11.871 casos confirmados. Seg\u00fan las cifras oficiales, 19 estados de este pa\u00eds se vieron afectados y San Pablo re\u00fane el 96% de los casos totales.<\/p>\n<p>\u201cLa distribuci\u00f3n de los casos en Brasil toma especial relevancia habida cuenta de los constantes desplazamientos con motivos comerciales, tur\u00edsticos y por la proximidad del receso estival\u201d, advirtieron desde la Direcci\u00f3n Nacional de Epidemiolog\u00eda y An\u00e1lisis de la Situaci\u00f3n de Salud y la Direcci\u00f3n de Control de Enfermedades Inmunoprevenibles de la Secretar\u00eda de Gobierno de Salud argentina.<\/p>\n<p>En nuestro pa\u00eds, el brote actual se detect\u00f3 a comienzos de septiembre y ya lleva acumulados 61 casos registrados por el \u00faltimo Bolet\u00edn Integrado de Vigilancia que publica Salud. De acuerdo a las \u00faltimas cifras, se trata del mayor brote desde la eliminaci\u00f3n de la circulaci\u00f3n end\u00e9mica del sarampi\u00f3n alcanzada en el a\u00f1o 2000.<\/p>\n<p>Del total de casos de sarampi\u00f3n registrados, 59 fueron detectados en Argentina, 2 en Espa\u00f1a, y de los casos locales 14 ocurrieron en la Ciudad Aut\u00f3noma de Buenos Aires, 38 en la Provincia de Buenos Aires y 7 son casos importados o relacionados a la importaci\u00f3n. Seg\u00fan ampliaron desde la cartera de Salud, \u201cel genotipo detectado en todos los casos es el D8, linaje Mvs\/Gir Somnath.IND\/42.16, de amplia circulaci\u00f3n en la Regi\u00f3n de las Am\u00e9ricas\u201d.<\/p>\n<p>&nbsp;<\/p>\n<p><strong>Medidas anunciadas en Argentina<\/strong><\/p>\n<p>Ante esta situaci\u00f3n, anunciaron que durante el curso del brote se han reforzado las acciones de articulaci\u00f3n interinstitucional de las distintas \u00e1reas de la cartera sanitaria as\u00ed como con otros organismos del Estado.<\/p>\n<p>Se actualizaron calendarios de vacunaci\u00f3n en ni\u00f1os de 1 a 4 a\u00f1os, para asegurar dos dosis de vacuna -las \u201cdosis cero\u201d no deben contabilizarse como v\u00e1lidas a este fin- en las jurisdicciones con casos confirmados. Adem\u00e1s, se realiz\u00f3 el fortalecimiento de vacunas de calendario regular en todo el pa\u00eds as\u00ed como la vacunaci\u00f3n de viajeros.<\/p>\n<p>Salud remarc\u00f3 que adquiri\u00f3 dosis adicionales de vacuna triple y doble viral, as\u00ed como de gammaglobulina. A su vez adquiri\u00f3 y distribuy\u00f3 en 2019 una cantidad mayor a la originalmente planificada para la cobertura de las acciones del Calendario Nacional de Vacunaci\u00f3n, detallaron desde el organismo nacional.<\/p>\n<p>Desde la Secretar\u00eda sostuvieron que \u201cen los \u00faltimos a\u00f1os no hubo faltante de triple viral y que en 2018 se efectu\u00f3 la \u201cCampa\u00f1a Nacional de Seguimiento contra Sarampi\u00f3n y Rub\u00e9ola\u201d.<\/p>\n<p>Asimismo, se realizaron reuniones de la Comisi\u00f3n Nacional para la Certificaci\u00f3n de la Eliminaci\u00f3n del Sarampi\u00f3n, Rub\u00e9ola y S\u00edndrome de Rub\u00e9ola Cong\u00e9nita y de la Comisi\u00f3n Nacional de Inmunizaciones (CoNaIn), para an\u00e1lisis de la situaci\u00f3n.<\/p>\n<p>A lo largo del brote, funcion\u00f3 la sala de situaci\u00f3n cada 72 horas con la participaci\u00f3n de los equipos de epidemiolog\u00eda, inmunizaciones de Naci\u00f3n, CABA y Provincia de Buenos Aires, Laboratorio Nacional de Referencia, Municipios Saludables, Direcci\u00f3n de Atenci\u00f3n Primaria de la Salud y Equipos de comunicaci\u00f3n.<\/p>\n<p>&nbsp;<\/p>\n<p><strong>Recomendaciones para los viajeros<\/strong><\/p>\n<p>El director de Control de Enfermedades Inmunoprevenibles de la Secretar\u00eda de Salud, doctor Cristi\u00e1n Biscayart, afirm\u00f3: \u201c61 es el n\u00famero de casos confirmados en el a\u00f1o, desde que se registr\u00f3 este nuevo brote a principios de septiembre\u201d. A su vez, destac\u00f3 que \u201cen la ciudad de Buenos Aires hace casi 8 semanas que no se presentan nuevos casos de pacientes que residan en la capital porte\u00f1a\u201d.<\/p>\n<p>\u201cPor el momento no hubo ampliaci\u00f3n hacia otras regiones sanitarias y el brote se concentra en la Provincia de Buenos Aires\u201d, asegur\u00f3 Biscayart, al mismo tiempo que recomend\u00f3: \u201cLos municipios que forman parte de las regiones que se ven afectadas por este brote deben escalar las acciones de vacunaci\u00f3n\u201d.<\/p>\n<p>El doctor, especialista en enfermedades inmunoprevenibles explic\u00f3 que se trata de un brote por goteo: el virus va a encontrando uno a uno los pacientes susceptibles, y as\u00ed de una persona se pueden contagiar 18 personas\u201d. Y advirti\u00f3: \u201cEs una enfermedad de las contagiosas que cuenta con un mayor nivel de propagaci\u00f3n, es decir mayor \u00edndice de transmisibilidad, por eso es tan importante insistir en la vacunaci\u00f3n\u201d.<\/p>\n<p>Seg\u00fan Biscayart, \u201cha habido casos de personas que ten\u00edan las dos vacunas y as\u00ed y todo se contagiaron con la enfermedad, aun teniendo alg\u00fan grado de inmunidad, por eso la post eliminaci\u00f3n es uno de los grandes desaf\u00edos que tiene el pa\u00eds y la regi\u00f3n de aqu\u00ed en adelante, lo que se traduce en sostener la erradicaci\u00f3n del sarampi\u00f3n, y depender\u00e1 de lo que se haga en el pa\u00eds, y la regi\u00f3n\u201d.<\/p>\n<p>El funcionario llam\u00f3 a tomar los recaudos correspondientes a la hora de viajar, sobre todo a Brasil y Venezuela que cuentan con la mayor cantidad de casos registrados: \u201cEl a\u00f1o pasado hemos tenido la experiencia de la fiebre amarilla con Brasil, y es un ejemplo m\u00e1s de por qu\u00e9 las personas que viajan deben contar con la vacuna triple viral\u201d. Recomend\u00f3 que esto se puede verificar en las personas mayores en el carnet de vacunaci\u00f3n de las dos dosis, del esquema del componente antisarampionoso (en ese momento y hasta hace diez a\u00f1os se vacunaba contra la sarampi\u00f3n y la rub\u00e9ola). \u201cLa instancia de cualquier viaje implica que las personas puedan chequear si est\u00e1n correctamente inmunizados contra el sarampi\u00f3n, es una responsabilidad de todos evitar que se siga propagando esta enfermedad\u201d, concluy\u00f3.<\/p>\n<p>A pesar de que la vacuna triple viral no se exige para los viajes, ya que seg\u00fan el Reglamento Sanitario Internacional no est\u00e1 contemplado, est\u00e1 dentro del Calendario de Vacunaci\u00f3n, lo que hace que sea gratuita y obligatoria en la Argentina.<\/p>\n","protected":false},"excerpt":{"rendered":"<p>Desde la Secretar\u00eda de Salud se adquirieron dosis adicionales de vacuna triple y doble viral para hacer frente al brote que comenz\u00f3 en septiembre. Instan a la poblaci\u00f3n a chequear tener los esquemas de vacunaci\u00f3n actualizados &nbsp; &nbsp; El Gobierno reforz\u00f3 recomendaciones de vacunaci\u00f3n ante nuevos casos de sarampi\u00f3n: De acuerdo a lo informado en el \u00faltimo reporte del organismo, ya suman 61 los casos confirmados en lo que va del a\u00f1o. Desde la cartera de Salud informaron que adquirieron dosis adicionales de vacuna triple y doble viral para hacer&#8230;<\/p>\n","protected":false},"author":3,"featured_media":54663,"comment_status":"closed","ping_status":"closed","sticky":false,"template":"","format":"standard","meta":[],"categories":[2],"tags":[],"_links":{"self":[{"href":"https:\/\/www.actualidadadiario.com\/index.php\/wp-json\/wp\/v2\/posts\/54662"}],"collection":[{"href":"https:\/\/www.actualidadadiario.com\/index.php\/wp-json\/wp\/v2\/posts"}],"about":[{"href":"https:\/\/www.actualidadadiario.com\/index.php\/wp-json\/wp\/v2\/types\/post"}],"author":[{"embeddable":true,"href":"https:\/\/www.actualidadadiario.com\/index.php\/wp-json\/wp\/v2\/users\/3"}],"replies":[{"embeddable":true,"href":"https:\/\/www.actualidadadiario.com\/index.php\/wp-json\/wp\/v2\/comments?post=54662"}],"version-history":[{"count":1,"href":"https:\/\/www.actualidadadiario.com\/index.php\/wp-json\/wp\/v2\/posts\/54662\/revisions"}],"predecessor-version":[{"id":54664,"href":"https:\/\/www.actualidadadiario.com\/index.php\/wp-json\/wp\/v2\/posts\/54662\/revisions\/54664"}],"wp:featuredmedia":[{"embeddable":true,"href":"https:\/\/www.actualidadadiario.com\/index.php\/wp-json\/wp\/v2\/media\/54663"}],"wp:attachment":[{"href":"https:\/\/www.actualidadadiario.com\/index.php\/wp-json\/wp\/v2\/media?parent=54662"}],"wp:term":[{"taxonomy":"category","embeddable":true,"href":"https:\/\/www.actualidadadiario.com\/index.php\/wp-json\/wp\/v2\/categories?post=54662"},{"taxonomy":"post_tag","embeddable":true,"href":"https:\/\/www.actualidadadiario.com\/index.php\/wp-json\/wp\/v2\/tags?post=54662"}],"curies":[{"name":"wp","href":"https:\/\/api.w.org\/{rel}","templated":true}]}}