{"id":5461,"date":"2016-12-06T10:43:03","date_gmt":"2016-12-06T13:43:03","guid":{"rendered":"http:\/\/actualidadadiario.com\/site\/?p=5461"},"modified":"2016-12-06T10:43:03","modified_gmt":"2016-12-06T13:43:03","slug":"bordet-y-varisco-anunciaron-la-licitacion-de-500-viviendas-para-parana","status":"publish","type":"post","link":"https:\/\/www.actualidadadiario.com\/index.php\/2016\/12\/06\/bordet-y-varisco-anunciaron-la-licitacion-de-500-viviendas-para-parana\/","title":{"rendered":"Bordet y Varisco anunciaron la licitaci\u00f3n de 500 viviendas para Paran\u00e1"},"content":{"rendered":"<p><em><strong>La pr\u00f3xima licitaci\u00f3n de 500 viviendas en Paran\u00e1 y el inicio este lunes de la obra del acceso sur, fueron los temas centrales abordados durante el encuentro que mantuvo el gobernador Gustavo Bordet con el intendente de esa ciudad, Sergio Varisco. El presidente comunal destac\u00f3 que \u201cdesde el d\u00eda de la asunci\u00f3n, tanto la Naci\u00f3n, la provincia como el municipio estamos trabajando con el principal adversario, que es la crisis, y la mejor manera es entender que la gente no nos eligi\u00f3 para pelearnos, sino para que le solucionemos los temas\u201d<\/strong><\/em><\/p>\n<p>&nbsp;<\/p>\n<p>&nbsp;<\/p>\n<p>&nbsp;<\/p>\n<p>&nbsp;<\/p>\n<p>&nbsp;<\/p>\n<p>&nbsp;<\/p>\n<p>Tras la reuni\u00f3n Varisco dijo que \u201cnos reunimos para ponernos al d\u00eda en varios temas y para repasar la situaci\u00f3n de Paran\u00e1 y de obras de la provincia en la ciudad\u201d. En ese marco, mencion\u00f3 que uno de los puntos abordados fue la pr\u00f3xima licitaci\u00f3n de 500 viviendas del Fondo Nacional de la Vivienda, a trav\u00e9s del IAPV en los pr\u00f3ximos d\u00edas. Esto va a producir un impacto importante, no solamente en materia de d\u00e9ficit habitacional, sino en t\u00e9rminos de mano de obra y de reactivaci\u00f3n de la construcci\u00f3n\u201d.<\/p>\n<p>&nbsp;<\/p>\n<p>Seg\u00fan adelant\u00f3, \u201cla licitaci\u00f3n de las viviendas es con terreno, proyecto y ejecuci\u00f3n, es decir que las empresas oferentes van a presentar terrenos. Nosotros, como municipio, hemos entregado al IAPV los lugares donde hay factibilidad para la construcci\u00f3n&#8221;.<\/p>\n<p>&nbsp;<\/p>\n<p>Por otro lado, se\u00f1al\u00f3 que dialogaron sobre &#8220;el inicio del acceso sur a la ciudad, una obra de m\u00e1s de 300 millones de pesos que es fundamental, porque va a ser autov\u00eda. Son dos calzadas desde Avenida Ram\u00edrez hasta la escuela Alberdi, en uno de los tramos. Este lunes empezaban las m\u00e1quinas a trabajar, as\u00ed que estamos muy contentos por este inicio de obra\u201d.<\/p>\n<p>&nbsp;<\/p>\n<p>Varisco record\u00f3 que \u201cesta es una obra cuyo cr\u00e9dito se hizo cargo la provincia, a trav\u00e9s del Fondo Fiduciario para el Desarrollo\u201d, al tiempo que destac\u00f3 que \u201cya reinici\u00f3 el acceso norte la empresa que fue adjudicada en su momento y con buen ritmo. Tambi\u00e9n es una obra de 300 millones de pesos\u201d.<\/p>\n<p>&nbsp;<\/p>\n<p>Por \u00faltimo, el intendente destac\u00f3 que \u201cdesde el d\u00eda de la asunci\u00f3n, aquel 11 de diciembre, tanto la Naci\u00f3n, la provincia como el municipio, estamos trabajando con el principal adversario, que es la crisis, y la mejor manera es entender que la gente no nos eligi\u00f3 para pelearnos, sino para que le solucionemos los temas. Ya se han hecho muchas cosas en Paran\u00e1 en conjunto la Naci\u00f3n, la provincia y el municipio y el caso m\u00e1s grande es el inicio este lunes del acceso sur\u201d.<\/p>\n","protected":false},"excerpt":{"rendered":"<p>La pr\u00f3xima licitaci\u00f3n de 500 viviendas en Paran\u00e1 y el inicio este lunes de la obra del acceso sur, fueron los temas centrales abordados durante el encuentro que mantuvo el gobernador Gustavo Bordet con el intendente de esa ciudad, Sergio Varisco. El presidente comunal destac\u00f3 que \u201cdesde el d\u00eda de la asunci\u00f3n, tanto la Naci\u00f3n, la provincia como el municipio estamos trabajando con el principal adversario, que es la crisis, y la mejor manera es entender que la gente no nos eligi\u00f3 para pelearnos, sino para que le solucionemos los&#8230;<\/p>\n","protected":false},"author":3,"featured_media":5462,"comment_status":"closed","ping_status":"closed","sticky":false,"template":"","format":"standard","meta":[],"categories":[15],"tags":[],"_links":{"self":[{"href":"https:\/\/www.actualidadadiario.com\/index.php\/wp-json\/wp\/v2\/posts\/5461"}],"collection":[{"href":"https:\/\/www.actualidadadiario.com\/index.php\/wp-json\/wp\/v2\/posts"}],"about":[{"href":"https:\/\/www.actualidadadiario.com\/index.php\/wp-json\/wp\/v2\/types\/post"}],"author":[{"embeddable":true,"href":"https:\/\/www.actualidadadiario.com\/index.php\/wp-json\/wp\/v2\/users\/3"}],"replies":[{"embeddable":true,"href":"https:\/\/www.actualidadadiario.com\/index.php\/wp-json\/wp\/v2\/comments?post=5461"}],"version-history":[{"count":1,"href":"https:\/\/www.actualidadadiario.com\/index.php\/wp-json\/wp\/v2\/posts\/5461\/revisions"}],"predecessor-version":[{"id":5463,"href":"https:\/\/www.actualidadadiario.com\/index.php\/wp-json\/wp\/v2\/posts\/5461\/revisions\/5463"}],"wp:featuredmedia":[{"embeddable":true,"href":"https:\/\/www.actualidadadiario.com\/index.php\/wp-json\/wp\/v2\/media\/5462"}],"wp:attachment":[{"href":"https:\/\/www.actualidadadiario.com\/index.php\/wp-json\/wp\/v2\/media?parent=5461"}],"wp:term":[{"taxonomy":"category","embeddable":true,"href":"https:\/\/www.actualidadadiario.com\/index.php\/wp-json\/wp\/v2\/categories?post=5461"},{"taxonomy":"post_tag","embeddable":true,"href":"https:\/\/www.actualidadadiario.com\/index.php\/wp-json\/wp\/v2\/tags?post=5461"}],"curies":[{"name":"wp","href":"https:\/\/api.w.org\/{rel}","templated":true}]}}