{"id":5458,"date":"2016-12-06T10:42:00","date_gmt":"2016-12-06T13:42:00","guid":{"rendered":"http:\/\/actualidadadiario.com\/site\/?p=5458"},"modified":"2016-12-06T10:42:00","modified_gmt":"2016-12-06T13:42:00","slug":"la-provincia-invirtio-este-ano-850-millones-de-pesos-en-obra-publica","status":"publish","type":"post","link":"https:\/\/www.actualidadadiario.com\/index.php\/2016\/12\/06\/la-provincia-invirtio-este-ano-850-millones-de-pesos-en-obra-publica\/","title":{"rendered":"La provincia invirti\u00f3 este a\u00f1o 850 millones de pesos en obra p\u00fablica"},"content":{"rendered":"<p><em><strong>El gobernador Gustavo Bordet consensu\u00f3 con su gabinete de ministros el plan de obras que se ejecutar\u00e1n en el verano, repas\u00f3 la infraestructura vial que se est\u00e1 concretando y realiz\u00f3 un balance de lo ejecutado que supera los 850 millones de pesos con fondos propios. Tambi\u00e9n se conocieron detalles del relevamiento del estado de la traza vial entrerriana para la toma de decisiones de 2017 y las obras viales que debe financiar la provincia<\/strong><\/em><\/p>\n<p>&nbsp;<\/p>\n<p>&nbsp;<\/p>\n<p>&nbsp;<\/p>\n<p>&nbsp;<\/p>\n<p>&nbsp;<\/p>\n<p>El mandatario encabez\u00f3 este lunes una nueva reuni\u00f3n de gabinete en la que se abordaron fundamentalmente temas vinculados a la obra p\u00fablica. Participaron en el encuentro los ministros de Planeamiento, Gobierno, Econom\u00eda, Salud, Desarrollo Social y Turismo, Luis Benedetto, Mauro Urribarri, Hugo Ballay, Ariel De la Rosa, Laura Stratta y Adri\u00e1n Fuertes, respectivamente. Tambi\u00e9n estuvieron el fiscal de Estado, Julio Rodr\u00edguez Signes, entre otros funcionarios, adem\u00e1s de los legisladores \u00c1ngel Giano y Juan Jos\u00e9 Bahillo.<\/p>\n<p>&nbsp;<\/p>\n<p>Al respecto, el ministro de Planeamiento, Infraestructura y Servicios, Luis Benedetto, precis\u00f3 que &#8220;se realiz\u00f3 un balance de la situaci\u00f3n del a\u00f1o que contempl\u00f3 los objetivos a cumplir indicados por el mandatario. En base a eso se hizo un resumen de la cantidad de obras p\u00fablicas que ronda los 850 millones de pesos del presupuesto provincial, m\u00e1s algunas obras que se cubren con otro tipo de financiamiento. En ese marco, se debe resaltar el endeudamiento que tuvo la provincia a trav\u00e9s de diferentes l\u00edneas de cr\u00e9ditos para concretar el financiamiento y otros fondos a nivel nacional. El balance es bueno&#8221;, sintetiz\u00f3.<\/p>\n<p>&nbsp;<\/p>\n<p>Tambi\u00e9n se refiri\u00f3 a las obras licitadas. El ministro Bendetto sostuvo: &#8220;En los \u00faltimos meses fueron licitadas obras que nos permitir\u00e1n dar soluciones a situaciones muy puntuales, como es el saneamiento y que incluye mejoras en la provisi\u00f3n de agua y tambi\u00e9n de saneamiento cloacal y alcantarillado&#8221;.<\/p>\n<p>&nbsp;<\/p>\n<p>Indic\u00f3 que &#8220;son muchas las obras iniciadas por la provincia en materia de educaci\u00f3n en escuelas como tambi\u00e9n obras de mejora de redes de agua, cloacas, plantas de tratamiento de efluentes y mejoras en hospitales. Es el caso del hospital San Mart\u00edn, en Paran\u00e1, donde se est\u00e1 llevando a cabo una obra muy importante y que continuar\u00e1 con otras&#8221;.<\/p>\n<p>&nbsp;<\/p>\n<p>&nbsp;<\/p>\n<p>&nbsp;<\/p>\n<p>&nbsp;<\/p>\n<p>&nbsp;<\/p>\n<p><strong>Plan de verano <\/strong><\/p>\n<p>En otro orden, el titular de la cartera de Planeamiento, Infraestructura y Servicios se\u00f1al\u00f3 que &#8220;se traz\u00f3 un plan de verano junto con el Consejo General de Educaci\u00f3n para iniciar las mejoras de la infraestructura escolar. De este modo, estas acciones menores nos permitir\u00e1n dejar en condiciones los colegios para el reinicio de las actividades&#8221;.<\/p>\n<p>&nbsp;<\/p>\n<p>Adem\u00e1s, &#8220;hay una cantidad de obras que se est\u00e1n llevando adelante. No s\u00f3lo obras nuevas, sino tambi\u00e9n ampliaciones que posiblemente nos permitir\u00e1n contar con esa infraestructura a principio de a\u00f1o&#8221;.<\/p>\n<p>&nbsp;<\/p>\n<p>&nbsp;<\/p>\n<p>&nbsp;<\/p>\n<p>&nbsp;<\/p>\n<p>&nbsp;<\/p>\n<p>&nbsp;<\/p>\n<p><strong>Trabajos en las trazas viales <\/strong><\/p>\n<p>Por su parte, la titular de la Direcci\u00f3n Provincial de Vialidad, Alicia Ben\u00edtez de Feltes, explic\u00f3 que en el caso de Paran\u00e1 &#8220;si se tienen los dos accesos en ejecuci\u00f3n, el norte y el sur, se va a trabajar con la municipalidad para ver c\u00f3mo se hace el egreso y el ingreso. El acceso norte ya est\u00e1 reiniciado y el sur comienza este lunes. Se asume con recursos del Fondo Fiduciario, por lo tanto son cr\u00e9ditos que la provincia devuelve con recursos propios: Est\u00e1 previsto que sea en 18 meses, pero ya han surgido algunos cambios&#8221;, agreg\u00f3.<\/p>\n<p>&nbsp;<\/p>\n<p>En otro orden, Ben\u00edtez de Feltes dijo que &#8220;hay much\u00edsimas carpetas t\u00e9cnicas y se siguen elaborando. Necesitamos dar una mirada dentro del territorio porque hay que ver los caminos terciarios o secundarios y analizar si no deben pasar a ser caminos principales. Estos caminos con la producci\u00f3n que tienen Entre R\u00edos hay que darle otro tipo de tratamiento. Si le damos otro tipo de tratamiento en lo t\u00e9cnico, son otros los costos que la provincia debe asumir. A fin de a\u00f1o, el gobernador tendr\u00e1 el relevamiento total de c\u00f3mo est\u00e1 hoy el territorio para la toma de decisiones de 2017&#8221;, concluy\u00f3.<\/p>\n<p>&nbsp;<\/p>\n<p>Tambi\u00e9n hizo menci\u00f3n a la situaci\u00f3n que atraviesa Vialidad con las emergencias que debi\u00f3 afrontar en abril y mayo, que en algunas situaciones persisten. &#8220;Esto hizo que Vialidad debe mirar el territorio. Ha sido una prioridad del gobernador que estemos mirando todos los caminos rurales. Por eso estamos trabajando en general de los ejidos municipales para afuera&#8221;, detall\u00f3.<\/p>\n<p>&nbsp;<\/p>\n<p>&nbsp;<\/p>\n<p>Por \u00faltimo, la funcionaria remarc\u00f3 que &#8220;esta metodolog\u00eda de trabajo que el gobernador impuso implica que se est\u00e9 en el territorio todos los d\u00edas con la sociedades intermedias, con la juntas de gobierno y con los municipios escuchando la demanda y ver como se sigue priorizando la ejecuci\u00f3n de obras&#8221;, coment\u00f3.<\/p>\n","protected":false},"excerpt":{"rendered":"<p>El gobernador Gustavo Bordet consensu\u00f3 con su gabinete de ministros el plan de obras que se ejecutar\u00e1n en el verano, repas\u00f3 la infraestructura vial que se est\u00e1 concretando y realiz\u00f3 un balance de lo ejecutado que supera los 850 millones de pesos con fondos propios. Tambi\u00e9n se conocieron detalles del relevamiento del estado de la traza vial entrerriana para la toma de decisiones de 2017 y las obras viales que debe financiar la provincia &nbsp; &nbsp; &nbsp; &nbsp; &nbsp; El mandatario encabez\u00f3 este lunes una nueva reuni\u00f3n de gabinete en&#8230;<\/p>\n","protected":false},"author":3,"featured_media":5459,"comment_status":"closed","ping_status":"closed","sticky":false,"template":"","format":"standard","meta":[],"categories":[9],"tags":[],"_links":{"self":[{"href":"https:\/\/www.actualidadadiario.com\/index.php\/wp-json\/wp\/v2\/posts\/5458"}],"collection":[{"href":"https:\/\/www.actualidadadiario.com\/index.php\/wp-json\/wp\/v2\/posts"}],"about":[{"href":"https:\/\/www.actualidadadiario.com\/index.php\/wp-json\/wp\/v2\/types\/post"}],"author":[{"embeddable":true,"href":"https:\/\/www.actualidadadiario.com\/index.php\/wp-json\/wp\/v2\/users\/3"}],"replies":[{"embeddable":true,"href":"https:\/\/www.actualidadadiario.com\/index.php\/wp-json\/wp\/v2\/comments?post=5458"}],"version-history":[{"count":1,"href":"https:\/\/www.actualidadadiario.com\/index.php\/wp-json\/wp\/v2\/posts\/5458\/revisions"}],"predecessor-version":[{"id":5460,"href":"https:\/\/www.actualidadadiario.com\/index.php\/wp-json\/wp\/v2\/posts\/5458\/revisions\/5460"}],"wp:featuredmedia":[{"embeddable":true,"href":"https:\/\/www.actualidadadiario.com\/index.php\/wp-json\/wp\/v2\/media\/5459"}],"wp:attachment":[{"href":"https:\/\/www.actualidadadiario.com\/index.php\/wp-json\/wp\/v2\/media?parent=5458"}],"wp:term":[{"taxonomy":"category","embeddable":true,"href":"https:\/\/www.actualidadadiario.com\/index.php\/wp-json\/wp\/v2\/categories?post=5458"},{"taxonomy":"post_tag","embeddable":true,"href":"https:\/\/www.actualidadadiario.com\/index.php\/wp-json\/wp\/v2\/tags?post=5458"}],"curies":[{"name":"wp","href":"https:\/\/api.w.org\/{rel}","templated":true}]}}