{"id":5455,"date":"2016-12-06T10:40:55","date_gmt":"2016-12-06T13:40:55","guid":{"rendered":"http:\/\/actualidadadiario.com\/site\/?p=5455"},"modified":"2016-12-06T10:40:55","modified_gmt":"2016-12-06T13:40:55","slug":"tribunal-supremo-de-brasil-suspende-temporalmente-al-titular-del-senado","status":"publish","type":"post","link":"https:\/\/www.actualidadadiario.com\/index.php\/2016\/12\/06\/tribunal-supremo-de-brasil-suspende-temporalmente-al-titular-del-senado\/","title":{"rendered":"Tribunal Supremo de Brasil suspende temporalmente al titular del Senado"},"content":{"rendered":"<p><strong><em>El presidente del Senado, Ren\u00e1n Calheiros, uno de los aliados clave del presidente Michel Temer para aprobar propuestas de ajuste econ\u00f3mico, fue apartado hoy del cargo por una medida cautelar de un juez del Supremo Tribunal Federal (STF), que consider\u00f3 que por estar procesado por corrupci\u00f3n el jefe de la C\u00e1mara alta no puede ocupar un lugar en la l\u00ednea sucesoria del pa\u00eds<\/em><\/strong><\/p>\n<p>&nbsp;<\/p>\n<p>&nbsp;<\/p>\n<p>&nbsp;<\/p>\n<p>&nbsp;<\/p>\n<p>&nbsp;<\/p>\n<p>&nbsp;<\/p>\n<p>&nbsp;<\/p>\n<p>&nbsp;<\/p>\n<p>La medida cay\u00f3 como una bomba pol\u00edtica ya que Calheiros, al momento de la decisi\u00f3n, acompa\u00f1aba a Temer en el anuncio del env\u00edo al Congreso de una enmienda constitucional para cambiar el r\u00e9gimen jubilatorio en el pa\u00eds, lo cual debilita a\u00fan m\u00e1s la fuerza pol\u00edtica del jefe del Estado.<\/p>\n<p>&nbsp;<\/p>\n<p>La decisi\u00f3n del magistrado Marco Aurelio Mello -que debe ser sometida al plenario del STF- se da en el marco de la batalla institucional que el Congreso ha trabado con el Poder Judicial con un proyecto anticorrupci\u00f3n que prev\u00e9 sanciones para abusos de poder de jueces y fiscales.<\/p>\n<p>&nbsp;<\/p>\n<p>Calheiros es uno de los hombres m\u00e1s poderosos del Partido del Movimiento de la Democracia Brasile\u00f1a (PMDB) y la semana pasada hab\u00eda sido procesado por corrupci\u00f3n por la m\u00e1xima corte, que acept\u00f3, al menos en forma cautelar, que un procesado no puede permanecer en la l\u00ednea sucesoria.<\/p>\n<p>&nbsp;<\/p>\n<p>El juez Mello acept\u00f3 un pedido el partido Rede, de la ex candidata ambientalista Marina Silva, para apartar a Calheiros del cargo, que ser\u00e1 asumido por el vicepresidente del Senado, Jorge Viana, del Partido de los Trabajadores (PT).<\/p>\n<p>&nbsp;<\/p>\n<p>La decisi\u00f3n de apartar a Calheiros puso nuevamente al PT al frente de la l\u00ednea sucesoria del pa\u00eds luego de la destituci\u00f3n de la presidenta Dilma Rousseff el 31 de agosto pasado.<\/p>\n<p>&nbsp;<\/p>\n<p>El reclamo de renuncia de Calheiros fue uno de los motivos de las manifestaciones de ayer en Brasil para defender la posici\u00f3n de los fiscales de la Operaci\u00f3n Lava Jato, que investiga el caso Petrobras, y del juez Sergio Moro, contrarios a las propuestas de sanciones por abuso de poder a los miembros del magistratura.<\/p>\n<p>&nbsp;<\/p>\n<p>Con la decisi\u00f3n de este lunes, la corte suprema brasile\u00f1a vuelve a involucrarse de lleno en el Congreso, ya que hab\u00eda removido de la presidencia de Diputados a otro cacique del PMDB, Eduardo Cunha, luego expulsado de la C\u00e1mara baja y ahora detenido por corrupci\u00f3n por orden de Moro.<\/p>\n<p>&nbsp;<\/p>\n<p>El procesamiento de Calheiros se dio cuando la corte acept\u00f3 una denuncia del fiscal general que apunta que el senador recibi\u00f3 coimas de la empresa constructora Mendes Junior para pagar la pensi\u00f3n de una hija extramatrimonial.<\/p>\n<p>&nbsp;<\/p>\n<p>Al mismo tiempo que se conoc\u00eda la decisi\u00f3n contra Calheiros, un juez de primera instancia de Mato Grosso embarg\u00f3 el equivalente a 35 millones de d\u00f3lares al ministro jefe de gabinete, Eliseu Padilha, hombre fuerte del PMDB de Temer, y a cinco socios por haber deforestado m\u00e1s de 800 hect\u00e1reas en forma irregular para un proyecto agr\u00edcola.<\/p>\n<p>&nbsp;<\/p>\n<p>Los analistas indicaban que al salida de Calheiros del cargo estrat\u00e9gico pone en jaque la robustez pol\u00edtica de Temer, quien hoy admiti\u00f3 al diario O Globo que hubo movimientos de sus aliados para cambiar al ministro de Econom\u00eda, Henrique Meirelles, algo a lo que se neg\u00f3.<\/p>\n<p>&nbsp;<\/p>\n<p>Este nuevo escenario debe poner a la oposici\u00f3n en otro nivel de discusi\u00f3n frente al ajuste econ\u00f3mico, sobre todo a la votaci\u00f3n de la enmienda constitucional prevista para el 13 de diciembre, que congela por 20 a\u00f1os el gasto p\u00fablico, una medida clave para los inversores que impulsa Temer y su ministro Meirelles.<\/p>\n<p>&nbsp;<\/p>\n<p>&#8220;Ahora el Senado no tiene condiciones de votar la enmienda constitucional, Vamos a decirle al nuevo presidente del Senado que cambie la agenda y que la votaci\u00f3n no ocurra&#8221;, dijo el senador Lindbergh Farias, del PT.<\/p>\n","protected":false},"excerpt":{"rendered":"<p>El presidente del Senado, Ren\u00e1n Calheiros, uno de los aliados clave del presidente Michel Temer para aprobar propuestas de ajuste econ\u00f3mico, fue apartado hoy del cargo por una medida cautelar de un juez del Supremo Tribunal Federal (STF), que consider\u00f3 que por estar procesado por corrupci\u00f3n el jefe de la C\u00e1mara alta no puede ocupar un lugar en la l\u00ednea sucesoria del pa\u00eds &nbsp; &nbsp; &nbsp; &nbsp; &nbsp; &nbsp; &nbsp; &nbsp; La medida cay\u00f3 como una bomba pol\u00edtica ya que Calheiros, al momento de la decisi\u00f3n, acompa\u00f1aba a Temer en&#8230;<\/p>\n","protected":false},"author":3,"featured_media":5456,"comment_status":"closed","ping_status":"closed","sticky":false,"template":"","format":"standard","meta":[],"categories":[4],"tags":[],"_links":{"self":[{"href":"https:\/\/www.actualidadadiario.com\/index.php\/wp-json\/wp\/v2\/posts\/5455"}],"collection":[{"href":"https:\/\/www.actualidadadiario.com\/index.php\/wp-json\/wp\/v2\/posts"}],"about":[{"href":"https:\/\/www.actualidadadiario.com\/index.php\/wp-json\/wp\/v2\/types\/post"}],"author":[{"embeddable":true,"href":"https:\/\/www.actualidadadiario.com\/index.php\/wp-json\/wp\/v2\/users\/3"}],"replies":[{"embeddable":true,"href":"https:\/\/www.actualidadadiario.com\/index.php\/wp-json\/wp\/v2\/comments?post=5455"}],"version-history":[{"count":1,"href":"https:\/\/www.actualidadadiario.com\/index.php\/wp-json\/wp\/v2\/posts\/5455\/revisions"}],"predecessor-version":[{"id":5457,"href":"https:\/\/www.actualidadadiario.com\/index.php\/wp-json\/wp\/v2\/posts\/5455\/revisions\/5457"}],"wp:featuredmedia":[{"embeddable":true,"href":"https:\/\/www.actualidadadiario.com\/index.php\/wp-json\/wp\/v2\/media\/5456"}],"wp:attachment":[{"href":"https:\/\/www.actualidadadiario.com\/index.php\/wp-json\/wp\/v2\/media?parent=5455"}],"wp:term":[{"taxonomy":"category","embeddable":true,"href":"https:\/\/www.actualidadadiario.com\/index.php\/wp-json\/wp\/v2\/categories?post=5455"},{"taxonomy":"post_tag","embeddable":true,"href":"https:\/\/www.actualidadadiario.com\/index.php\/wp-json\/wp\/v2\/tags?post=5455"}],"curies":[{"name":"wp","href":"https:\/\/api.w.org\/{rel}","templated":true}]}}