{"id":5452,"date":"2016-12-06T10:35:10","date_gmt":"2016-12-06T13:35:10","guid":{"rendered":"http:\/\/actualidadadiario.com\/site\/?p=5452"},"modified":"2016-12-06T10:35:10","modified_gmt":"2016-12-06T13:35:10","slug":"trump-suma-al-neurocirujano-ben-carson-a-su-gabinete","status":"publish","type":"post","link":"https:\/\/www.actualidadadiario.com\/index.php\/2016\/12\/06\/trump-suma-al-neurocirujano-ben-carson-a-su-gabinete\/","title":{"rendered":"Trump suma al neurocirujano Ben Carson a su gabinete"},"content":{"rendered":"<p><em><strong>El presidente electo de EEUU Donald Trump, coloc\u00f3 una pieza m\u00e1s del puzzle de su futuro gabinete con la elecci\u00f3n al frente de la cartera de Vivienda de Ben Carson, antiguo rival en la carrera republicana por la Casa Blanca<\/strong><\/em><\/p>\n<p>&nbsp;<\/p>\n<p>&nbsp;<\/p>\n<p>&nbsp;<\/p>\n<p>&nbsp;<\/p>\n<p>&nbsp;<\/p>\n<p>&nbsp;<\/p>\n<p>La posible elecci\u00f3n de Carson, un neurocirujano metido a la pol\u00edtica, ya hab\u00eda sido anticipada por el mismo Trump el pasado 22 de noviembre, tras reunirse con \u00e9l, fue confirmada por el equipo de transici\u00f3n presidencial en un comunicado.<\/p>\n<p>&nbsp;<\/p>\n<p>Se esperaba que tambi\u00e9n se confirmara la elecci\u00f3n del general (r) James Mattis como titular de Defensa, una designaci\u00f3n que ya fue anunciada la semana pasada por Trump, pero fuentes oficiales dijeron que el anuncio formal se har\u00e1 este martes.<\/p>\n<p>&nbsp;<\/p>\n<p>Carson, uno de los vicepresidentes del equipo de transici\u00f3n presidencial, ven\u00eda siendo cortejado por Trump desde el inicio de sus gestiones para formar el gabinete, pero inicialmente el neurocirujano se hab\u00eda mostrado reacio a sumarse al gobierno.<\/p>\n<p>&nbsp;<\/p>\n<p>El pasado 15 de noviembre, por medio de un portavoz, neg\u00f3 cualquier intenci\u00f3n de asumir cualquier cargo oficial en el futuro Gobierno de Trump, y se mostr\u00f3 partidario de colaborar con \u00e9l, pero fuera de la administraci\u00f3n.<\/p>\n<p>&nbsp;<\/p>\n<p>No obstante, d\u00edas despu\u00e9s, en una entrevista televisada Carson dijo que si le ofrecen un puesto &#8220;lo considerar\u00eda seriamente&#8221;, y agreg\u00f3 que tiene &#8220;firmes opiniones&#8221; sobre temas de salud y educaci\u00f3n, aunque no en temas de la cartera que ocupar\u00e1.<\/p>\n<p>&nbsp;<\/p>\n<p>Como titular de Vivienda y Desarrollo Urbano, Carson estar\u00e1 a cargo de supervisar las leyes que garantizan una vivienda asequible y el acceso a hipotecas.<\/p>\n<p>&nbsp;<\/p>\n<p>Carson fue uno de los aspirantes a la Casa Blanca en las internas republicanas y destac\u00f3 all\u00ed por su tono sosegado, muy distinto a las estridencias de Trump, pero abandon\u00f3 la carrera el 4 de marzo pasado, aunque ha mantenido una estrecha relaci\u00f3n con este \u00faltimo.<\/p>\n<p>&nbsp;<\/p>\n<p>Al confirmar su nombramiento, que debe ser ratificado por el Senado, Trump record\u00f3 c\u00f3mo super\u00f3 Carson su &#8220;problem\u00e1tica juventud&#8221; en Detroit para convertirse en un &#8220;renombrado cirujano&#8221; y superar los retos que enfrentan las comunidades pobres afroamericanas.<\/p>\n<p>&nbsp;<\/p>\n<p>&#8220;Ben Carson tiene una mente brillante&#8221;, dijo Trump, y agreg\u00f3 que ha hablado con \u00e9l sobre su agenda de renovaci\u00f3n urbana incluyendo las zonas metropolitanas m\u00e1s pobres.<\/p>\n<p>&nbsp;<\/p>\n<p>Por otra parte, un portavoz del equipo de transici\u00f3n presidencial dijo que este martes Trump anunciar\u00e1 formalmente la designaci\u00f3n de Mattis para la cartera de Defensa.<\/p>\n<p>&nbsp;<\/p>\n<p>El pasado jueves, en un mitin que encabez\u00f3 en la ciudad de Cincinnati, Trump dijo que hab\u00eda elegido como titular de Defensa a Mattis, conocido por su mote de &#8220;Perro Loco&#8221;, aunque el anuncio formal se dar\u00eda a conocer este lunes.<\/p>\n<p>&nbsp;<\/p>\n<p>Sin embargo, el portavoz del equipo presidencial, Jason Miller, inform\u00f3 hoy de que esa confirmaci\u00f3n ser\u00eda este martes en Carolina del Norte, donde se desplazar\u00e1 Trump como parte de su gira por varias ciudades para agradecer el apoyo electoral que recibi\u00f3.<\/p>\n<p>&nbsp;<\/p>\n<p>Miller tambi\u00e9n se\u00f1al\u00f3 que para esta semana se esperan otros nombramientos adicionales de su gabinete, aunque no entr\u00f3 en detalles.<\/p>\n<p>&nbsp;<\/p>\n<p>Entre las carteras que faltan se encuentra la de la Secretar\u00eda de Estado, para la que existen varios aspirantes, incluyendo el ex candidato presidencial republicano Mitt Romney, antiguo rival de Trump y con quien se ha reunido ya en dos ocasiones recientemente.<\/p>\n<p>&nbsp;<\/p>\n<p>Seg\u00fan fuentes de su equipo, Trump est\u00e1 ampliando la lista de aspirantes para la Secretar\u00eda de Estado, y en principio no tiene prisas en completar ese puesto.<\/p>\n<p>&nbsp;<\/p>\n<p>Mientras tanto, en la torre que lleva su hombre, Trump sigue con sus reuniones con pol\u00edticos y empresarios para seguir definiendo su gobierno y captar ideas para su gesti\u00f3n, que comenzar\u00e1 el pr\u00f3ximo 20 de enero.<\/p>\n<p>&nbsp;<\/p>\n<p>Esas reuniones continuar\u00e1n esta semana, al margen de una serie de actos pol\u00edticos como el de Carolina del Norte. El jueves participar\u00e1 en un mitin parecido en el estado de Iowa y el viernes en el de Michigan, siempre en actos p\u00fablicos convocados por la noche.<\/p>\n<p>&nbsp;<\/p>\n<p>El portavoz del equipo presidencial inform\u00f3 asimismo de que, como parte de las gestiones que realiza Trump y su equipo, su hija Ivanka se reunir\u00eda hoy con el ex vicepresidente estadounidense Al Gore, para analizar &#8220;temas clim\u00e1ticos&#8221;, sin entrar en detalles.<\/p>\n<p>&nbsp;<\/p>\n<p>Trump fue visto entrando a la Torre Trump, pero evit\u00f3 hacer declaraciones a los periodistas, y tampoco hubo informaci\u00f3n detallada sobre esa cita de parte del equipo del presidente electo.<\/p>\n<p>&nbsp;<\/p>\n<p>Ivanka Trump es integrante del comit\u00e9 ejecutivo del Equipo de Transici\u00f3n Presidencial, formado por veinte personas y que incluye, adem\u00e1s, a su esposo Jared Kushner y a sus hermanos Eric y Donald Jr. Trump.<\/p>\n","protected":false},"excerpt":{"rendered":"<p>El presidente electo de EEUU Donald Trump, coloc\u00f3 una pieza m\u00e1s del puzzle de su futuro gabinete con la elecci\u00f3n al frente de la cartera de Vivienda de Ben Carson, antiguo rival en la carrera republicana por la Casa Blanca &nbsp; &nbsp; &nbsp; &nbsp; &nbsp; &nbsp; La posible elecci\u00f3n de Carson, un neurocirujano metido a la pol\u00edtica, ya hab\u00eda sido anticipada por el mismo Trump el pasado 22 de noviembre, tras reunirse con \u00e9l, fue confirmada por el equipo de transici\u00f3n presidencial en un comunicado. &nbsp; Se esperaba que tambi\u00e9n&#8230;<\/p>\n","protected":false},"author":3,"featured_media":5453,"comment_status":"closed","ping_status":"closed","sticky":false,"template":"","format":"standard","meta":[],"categories":[4],"tags":[],"_links":{"self":[{"href":"https:\/\/www.actualidadadiario.com\/index.php\/wp-json\/wp\/v2\/posts\/5452"}],"collection":[{"href":"https:\/\/www.actualidadadiario.com\/index.php\/wp-json\/wp\/v2\/posts"}],"about":[{"href":"https:\/\/www.actualidadadiario.com\/index.php\/wp-json\/wp\/v2\/types\/post"}],"author":[{"embeddable":true,"href":"https:\/\/www.actualidadadiario.com\/index.php\/wp-json\/wp\/v2\/users\/3"}],"replies":[{"embeddable":true,"href":"https:\/\/www.actualidadadiario.com\/index.php\/wp-json\/wp\/v2\/comments?post=5452"}],"version-history":[{"count":1,"href":"https:\/\/www.actualidadadiario.com\/index.php\/wp-json\/wp\/v2\/posts\/5452\/revisions"}],"predecessor-version":[{"id":5454,"href":"https:\/\/www.actualidadadiario.com\/index.php\/wp-json\/wp\/v2\/posts\/5452\/revisions\/5454"}],"wp:featuredmedia":[{"embeddable":true,"href":"https:\/\/www.actualidadadiario.com\/index.php\/wp-json\/wp\/v2\/media\/5453"}],"wp:attachment":[{"href":"https:\/\/www.actualidadadiario.com\/index.php\/wp-json\/wp\/v2\/media?parent=5452"}],"wp:term":[{"taxonomy":"category","embeddable":true,"href":"https:\/\/www.actualidadadiario.com\/index.php\/wp-json\/wp\/v2\/categories?post=5452"},{"taxonomy":"post_tag","embeddable":true,"href":"https:\/\/www.actualidadadiario.com\/index.php\/wp-json\/wp\/v2\/tags?post=5452"}],"curies":[{"name":"wp","href":"https:\/\/api.w.org\/{rel}","templated":true}]}}