{"id":5446,"date":"2016-12-06T10:33:14","date_gmt":"2016-12-06T13:33:14","guid":{"rendered":"http:\/\/actualidadadiario.com\/site\/?p=5446"},"modified":"2016-12-06T10:33:14","modified_gmt":"2016-12-06T13:33:14","slug":"bullrich-apunto-a-la-gestion-k-por-la-exclusion-en-la-prueba-pisa-2015","status":"publish","type":"post","link":"https:\/\/www.actualidadadiario.com\/index.php\/2016\/12\/06\/bullrich-apunto-a-la-gestion-k-por-la-exclusion-en-la-prueba-pisa-2015\/","title":{"rendered":"Bullrich apunt\u00f3 a la gesti\u00f3n K por la exclusi\u00f3n en la prueba PISA 2015"},"content":{"rendered":"<p><em><strong>El ministro de Educaci\u00f3n, Esteban Bullrich, cuestion\u00f3 a la gesti\u00f3n anterior por cometer &#8220;fallas t\u00e9cnicas graves&#8221; en la prueba internacional PISA, sostuvo que eso llev\u00f3 a la &#8220;exclusi\u00f3n&#8221; del pa\u00eds en ese ranking educativo y se comprometi\u00f3 a &#8220;trabajar para que esto nunca m\u00e1s suceda&#8221;<\/strong><\/em><\/p>\n<p>&nbsp;<\/p>\n<p>&nbsp;<\/p>\n<p>&nbsp;<\/p>\n<p>&nbsp;<\/p>\n<p>&nbsp;<\/p>\n<p>&nbsp;<\/p>\n<p>&nbsp;<\/p>\n<p>&nbsp;<\/p>\n<p>&#8220;Queremos ser un pa\u00eds que valore la verdad y que a partir de la verdad, por m\u00e1s dura que esta sea construya soluciones a los problemas&#8221;, enfatiz\u00f3 Bullrich.<\/p>\n<p>&nbsp;<\/p>\n<p>Durante una conferencia de prensa que ofreci\u00f3 en la Casa de Gobierno, el funcionario dijo que hubo &#8220;fallas t\u00e9cnicas graves que nos llevan a esta situaci\u00f3n de exclusi\u00f3n&#8221; en el ranking educativo internacional PISA. Excluyen a la Argentina de la Evaluaci\u00f3n PISA.<\/p>\n<p>&nbsp;<\/p>\n<p>&#8220;Vamos a trabajar para que esto nunca m\u00e1s suceda. Para que el pa\u00eds no sea noticia porque no hizo bien los deberes&#8221;, advirti\u00f3.<\/p>\n<p>&nbsp;<\/p>\n<p>&#8220;La principal falla se debi\u00f3 a que hubo 3.096 escuelas menos en la muestra, por lo que no se pudo comparar con las de 2012, 2009 y 2006&#8221;, detall\u00f3. Atribuy\u00f3 las fallas al &#8220;poco apego y compromiso con las estad\u00edsticas. No hubo animosidad, pero t\u00e9cnicamente el error es grave. El cuestionamiento no es a la educaci\u00f3n p\u00fablica, sino al gobierno que construy\u00f3 la muestra. Por eso estamos ac\u00e1 explicando que Argentina est\u00e1 afuera del ranking&#8221;.<\/p>\n<p>&nbsp;<\/p>\n<p>&#8220;Este es el pa\u00eds que no queremos, el del INDEC que no publicaba una inflaci\u00f3n real. No se puede construir un relato sobre la educaci\u00f3n. Hubo fallas t\u00e9cnicas graves, y queremos ser un pa\u00eds que valore la verdad por m\u00e1s dura que sea&#8221;, agreg\u00f3.<\/p>\n<p>&nbsp;<\/p>\n<p>Bullrich pidi\u00f3 &#8220;construir soluciones a los problemas, para corregir lo que hacemos mal. Ese pa\u00eds vinimos a construir. Proponemos que no vuelva a repetirse y trabajamos para que nunca m\u00e1s suceda, no queremos ser noticia porque el pa\u00eds hizo mal los deberes&#8221;.<\/p>\n<p>&nbsp;<\/p>\n<p>&#8220;Vamos a participar de la pr\u00f3xima PISA dentro de tres a\u00f1os y enviaremos las pruebas correctas. Trabajaremos para que el resultado sea sobresaliente&#8221;, anticip\u00f3.<\/p>\n<p>&nbsp;<\/p>\n<p>Aunque Sileoni defendi\u00f3 su gesti\u00f3n y le apunt\u00f3 a Cambiemos, Bullrich dijo que el ex ministro de Educaci\u00f3n &#8220;sabe perfectamente&#8221; que las muestras &#8220;no estaban en condiciones&#8221; de ser comparadas ni publicadas.<\/p>\n","protected":false},"excerpt":{"rendered":"<p>El ministro de Educaci\u00f3n, Esteban Bullrich, cuestion\u00f3 a la gesti\u00f3n anterior por cometer &#8220;fallas t\u00e9cnicas graves&#8221; en la prueba internacional PISA, sostuvo que eso llev\u00f3 a la &#8220;exclusi\u00f3n&#8221; del pa\u00eds en ese ranking educativo y se comprometi\u00f3 a &#8220;trabajar para que esto nunca m\u00e1s suceda&#8221; &nbsp; &nbsp; &nbsp; &nbsp; &nbsp; &nbsp; &nbsp; &nbsp; &#8220;Queremos ser un pa\u00eds que valore la verdad y que a partir de la verdad, por m\u00e1s dura que esta sea construya soluciones a los problemas&#8221;, enfatiz\u00f3 Bullrich. &nbsp; Durante una conferencia de prensa que ofreci\u00f3 en&#8230;<\/p>\n","protected":false},"author":3,"featured_media":5447,"comment_status":"closed","ping_status":"closed","sticky":false,"template":"","format":"standard","meta":[],"categories":[2],"tags":[],"_links":{"self":[{"href":"https:\/\/www.actualidadadiario.com\/index.php\/wp-json\/wp\/v2\/posts\/5446"}],"collection":[{"href":"https:\/\/www.actualidadadiario.com\/index.php\/wp-json\/wp\/v2\/posts"}],"about":[{"href":"https:\/\/www.actualidadadiario.com\/index.php\/wp-json\/wp\/v2\/types\/post"}],"author":[{"embeddable":true,"href":"https:\/\/www.actualidadadiario.com\/index.php\/wp-json\/wp\/v2\/users\/3"}],"replies":[{"embeddable":true,"href":"https:\/\/www.actualidadadiario.com\/index.php\/wp-json\/wp\/v2\/comments?post=5446"}],"version-history":[{"count":1,"href":"https:\/\/www.actualidadadiario.com\/index.php\/wp-json\/wp\/v2\/posts\/5446\/revisions"}],"predecessor-version":[{"id":5448,"href":"https:\/\/www.actualidadadiario.com\/index.php\/wp-json\/wp\/v2\/posts\/5446\/revisions\/5448"}],"wp:featuredmedia":[{"embeddable":true,"href":"https:\/\/www.actualidadadiario.com\/index.php\/wp-json\/wp\/v2\/media\/5447"}],"wp:attachment":[{"href":"https:\/\/www.actualidadadiario.com\/index.php\/wp-json\/wp\/v2\/media?parent=5446"}],"wp:term":[{"taxonomy":"category","embeddable":true,"href":"https:\/\/www.actualidadadiario.com\/index.php\/wp-json\/wp\/v2\/categories?post=5446"},{"taxonomy":"post_tag","embeddable":true,"href":"https:\/\/www.actualidadadiario.com\/index.php\/wp-json\/wp\/v2\/tags?post=5446"}],"curies":[{"name":"wp","href":"https:\/\/api.w.org\/{rel}","templated":true}]}}