{"id":5428,"date":"2016-12-06T10:25:11","date_gmt":"2016-12-06T13:25:11","guid":{"rendered":"http:\/\/actualidadadiario.com\/site\/?p=5428"},"modified":"2016-12-06T10:25:11","modified_gmt":"2016-12-06T13:25:11","slug":"otra-ola-de-despidos-en-el-estado-el-gobierno-ahora-echara-a-casi-mil-trabajadores","status":"publish","type":"post","link":"https:\/\/www.actualidadadiario.com\/index.php\/2016\/12\/06\/otra-ola-de-despidos-en-el-estado-el-gobierno-ahora-echara-a-casi-mil-trabajadores\/","title":{"rendered":"Otra ola de despidos en el Estado, el Gobierno ahora echar\u00e1 a casi mil trabajadores"},"content":{"rendered":"<p><em><strong>En un documento del Ministerio de Modernizaci\u00f3n se detallan los nuevos despidos en cada dependencia<\/strong><\/em><\/p>\n<p>&nbsp;<\/p>\n<p>&nbsp;<\/p>\n<p>&nbsp;<\/p>\n<p>&nbsp;<\/p>\n<p>&nbsp;<\/p>\n<p>&nbsp;<\/p>\n<p>El Gobierno volver\u00e1 a la carga contra los trabajadores del Estado. Un documento muestra el relevamiento en cada \u00e1rea con un total de 882 nuevos despedidos entre todos los ministerios.<\/p>\n<p>&nbsp;<\/p>\n<p>Las carteras m\u00e1s perjudicadas ser\u00e1n Producci\u00f3n y Educaci\u00f3n y Deportes. En ambos ministerios se echar\u00e1n a 300 trabajadores en cada uno. Estos dos organismos hab\u00edan sido los menos perjudicados el a\u00f1o pasado, cuando el Gobierno -con la planificaci\u00f3n del Ministerio de Modernizaci\u00f3n- ech\u00f3 a 10.921 trabajadores p\u00fablicos.<\/p>\n<p>&nbsp;<\/p>\n<p>Se accedi\u00f3 al documento del Ministerio de Modernizaci\u00f3n donde se detalla organismo por organismo los despidos que habr\u00e1 durante diciembre y enero. Voceros de esta cartera afirmaron que ellos no formaron parte del planeamiento de esta nueva ola de despidos y que correr\u00e1 por cuenta de cada ministerio.<\/p>\n<p>&nbsp;<\/p>\n<p>&#8220;Nosotros cuando lo hicimos, el a\u00f1o pasado, lo hicimos a trav\u00e9s de un decreto&#8221;, contaron desde el entorno del ministro Andr\u00e9s Ibarra, que luego de que El Destape revelara su plan de despidos para fin de a\u00f1o sali\u00f3 a negar una nueva ola de trabajadores del Estado en la calle. Con esta maniobra de responsabilizar a cada ministerio, Modernizaci\u00f3n logra intenta tomar respiro ante las frecuentes protestas de los sindicatos de ATE en Av. S\u00e1enz Pe\u00f1a 511.<\/p>\n<p>&nbsp;<\/p>\n<p>Otro de los sectores afectados ser\u00e1 Secretar\u00eda General, que conduce Fernando de Andreis. En esa \u00e1rea habr\u00e1 90 despidos. La mayor\u00eda de ellos producto del cierre del programa F\u00fatbol para Todos que no ser\u00e1n reubicados en el Estado.<\/p>\n<p>&nbsp;<\/p>\n<p>El detalle sigue con Jefatura de Gabinete, donde habr\u00e1 50 trabajadores cesanteados; en Cultura habr\u00e1 36 despidos; en los ministerios de Salud, Medio Ambientes y ENACOM ser\u00e1n 20 en cada uno de los tres.<\/p>\n<p>&nbsp;<\/p>\n<p>En Modernizaci\u00f3n, el ministerio de los despidos, ya est\u00e1n listos 15 telegramas de despidos redactados para salir, seg\u00fan confirm\u00f3 una fuente reservada dentro de esta cartera.<\/p>\n<p>&nbsp;<\/p>\n<p>Ministerio de Seguridad y Relaciones Exteriores son los dos \u00fanicos sectores donde no habr\u00e1 despidos en esta etapa.<\/p>\n<p>&nbsp;<\/p>\n<p>Entre el total de estos 882 trabajadores, una parte ser\u00e1 despedida directamente y a otra parte no se le renovar\u00e1 el contrato que finaliza el 31 de diciembre de este a\u00f1o. Esta nueva ola se da en medio de un 9,3% de desempleo en todo el pa\u00eds.<\/p>\n<p>&nbsp;<\/p>\n<p>&nbsp;<\/p>\n<p>&nbsp;<\/p>\n<p>&nbsp;<\/p>\n<p>&nbsp;<\/p>\n<p><strong>La primera ola de despidos en el Estado<\/strong><\/p>\n<p>El ajuste en el Estado comenz\u00f3 en diciembre de 2015 a ponerse en marcha, tuvo su pico de despedidos en enero y febrero y en abril fue anunciado como el final de ese plan. Este fue el primer documento con los 10 mil echados de sus puestos de trabajo en los ministerios nacionales y las ins\u00f3litas argumentaciones.<\/p>\n","protected":false},"excerpt":{"rendered":"<p>En un documento del Ministerio de Modernizaci\u00f3n se detallan los nuevos despidos en cada dependencia &nbsp; &nbsp; &nbsp; &nbsp; &nbsp; &nbsp; El Gobierno volver\u00e1 a la carga contra los trabajadores del Estado. Un documento muestra el relevamiento en cada \u00e1rea con un total de 882 nuevos despedidos entre todos los ministerios. &nbsp; Las carteras m\u00e1s perjudicadas ser\u00e1n Producci\u00f3n y Educaci\u00f3n y Deportes. En ambos ministerios se echar\u00e1n a 300 trabajadores en cada uno. Estos dos organismos hab\u00edan sido los menos perjudicados el a\u00f1o pasado, cuando el Gobierno -con la planificaci\u00f3n&#8230;<\/p>\n","protected":false},"author":3,"featured_media":5429,"comment_status":"closed","ping_status":"closed","sticky":false,"template":"","format":"standard","meta":[],"categories":[9],"tags":[],"_links":{"self":[{"href":"https:\/\/www.actualidadadiario.com\/index.php\/wp-json\/wp\/v2\/posts\/5428"}],"collection":[{"href":"https:\/\/www.actualidadadiario.com\/index.php\/wp-json\/wp\/v2\/posts"}],"about":[{"href":"https:\/\/www.actualidadadiario.com\/index.php\/wp-json\/wp\/v2\/types\/post"}],"author":[{"embeddable":true,"href":"https:\/\/www.actualidadadiario.com\/index.php\/wp-json\/wp\/v2\/users\/3"}],"replies":[{"embeddable":true,"href":"https:\/\/www.actualidadadiario.com\/index.php\/wp-json\/wp\/v2\/comments?post=5428"}],"version-history":[{"count":1,"href":"https:\/\/www.actualidadadiario.com\/index.php\/wp-json\/wp\/v2\/posts\/5428\/revisions"}],"predecessor-version":[{"id":5430,"href":"https:\/\/www.actualidadadiario.com\/index.php\/wp-json\/wp\/v2\/posts\/5428\/revisions\/5430"}],"wp:featuredmedia":[{"embeddable":true,"href":"https:\/\/www.actualidadadiario.com\/index.php\/wp-json\/wp\/v2\/media\/5429"}],"wp:attachment":[{"href":"https:\/\/www.actualidadadiario.com\/index.php\/wp-json\/wp\/v2\/media?parent=5428"}],"wp:term":[{"taxonomy":"category","embeddable":true,"href":"https:\/\/www.actualidadadiario.com\/index.php\/wp-json\/wp\/v2\/categories?post=5428"},{"taxonomy":"post_tag","embeddable":true,"href":"https:\/\/www.actualidadadiario.com\/index.php\/wp-json\/wp\/v2\/tags?post=5428"}],"curies":[{"name":"wp","href":"https:\/\/api.w.org\/{rel}","templated":true}]}}