{"id":5425,"date":"2016-12-06T10:24:20","date_gmt":"2016-12-06T13:24:20","guid":{"rendered":"http:\/\/actualidadadiario.com\/site\/?p=5425"},"modified":"2016-12-06T10:24:20","modified_gmt":"2016-12-06T13:24:20","slug":"cristina-catalogo-la-causa-amia-como-un-escenario-de-operaciones-politicas","status":"publish","type":"post","link":"https:\/\/www.actualidadadiario.com\/index.php\/2016\/12\/06\/cristina-catalogo-la-causa-amia-como-un-escenario-de-operaciones-politicas\/","title":{"rendered":"Cristina catalog\u00f3 la causa AMIA como un &#8220;escenario de operaciones pol\u00edticas&#8221;"},"content":{"rendered":"<p><em><strong>La ex presidenta Cristina de Kirchner asegur\u00f3 este lunes al declarar en juicio oral y p\u00fablico que el ex juez Juan Jos\u00e9 Galeano se dedicaba a &#8220;juntar papeles&#8221; en la investigaci\u00f3n del atentado a la AMIA, la que -seg\u00fan consider\u00f3- fue &#8220;un escenario de operaciones pol\u00edticas&#8221;. En tanto, se pas\u00f3 a un cuarto intermedio por un corte de luz en los tribunales de Comodoro Py<\/strong><\/em><\/p>\n<p>&nbsp;<\/p>\n<p>&nbsp;<\/p>\n<p>&nbsp;<\/p>\n<p>&nbsp;<\/p>\n<p>&nbsp;<\/p>\n<p>&nbsp;<\/p>\n<p>La ex presidenta critic\u00f3 este lunes la investigaci\u00f3n del ex juez Juan Jos\u00e9 Galeano y el desempe\u00f1o de la entonces Secretar\u00eda de Inteligencia (SIDE) para esclarecer el atentado a la AMIA al afirmar que &#8220;estaban trabajando para armar un juicio y no para llegar a la verdad de lo que pas\u00f3&#8221; y acus\u00f3 al ex magistrado de articular &#8220;una puesta en escena para impresionar con el volumen de la causa&#8221;.<\/p>\n<p>&nbsp;<\/p>\n<p>La ex mandataria comenz\u00f3 a declarar a las 10.45 y continuaba con su exposici\u00f3n este mediod\u00eda como testigo en el juicio oral y p\u00fablico por irregularidades en la investigaci\u00f3n del atentado a la AMIA, hasta que por un corte de luz en los tribunales federales de Comodoro Py, se pas\u00f3 a un cuarto intermedio.<\/p>\n<p>&nbsp;<\/p>\n<p>&#8220;Me pareci\u00f3 una puesta en escena para impresionarnos con el volumen de la causa&#8221;, dijo Cristina de Kirchner en uno de los pasajes de su declaraci\u00f3n y cit\u00f3 una de las reuniones en el juzgado de Comodoro Py de las que particip\u00f3 siendo senadora e integrante de la Comisi\u00f3n Bicameral Especial de Seguimiento de la investigaci\u00f3n de los atentados a la Embajada de Israel y al edificio de la AMIA, constituida en 1996.<\/p>\n<p>&nbsp;<\/p>\n<p>La ex presidenta record\u00f3 que, en uno de esos encuentros, hab\u00edan sido apilados en diferentes mesas todos los cuerpos de expedientes para que los integrantes de la comisi\u00f3n bicameral los vieran, y concluy\u00f3 que se llev\u00f3 la impresi\u00f3n de que &#8220;estaban trabajando para armar un juicio y no para llegar a la verdad de lo que pas\u00f3&#8221;.<\/p>\n<p>&nbsp;<\/p>\n<p>No obstante, afirm\u00f3 que tanto la dirigencia de las organizaciones comunitarias como los fiscales de la causa sosten\u00edan &#8220;una defensa absoluta, cerrada y monol\u00edtica de toda la actuaci\u00f3n del juez&#8221; Galeano.<\/p>\n<p>&nbsp;<\/p>\n<p>La ex mandataria arrib\u00f3 cerca de las 10.15 al edificio judicial de Retiro acompa\u00f1ada por el jefe del bloque de diputados nacionales del FPV, H\u00e9ctor Recalde, y de los tambi\u00e9n legisladores Axel Kicillof, Diana Conti, entre otros dirigentes del kirchnerismo.<\/p>\n<p>&nbsp;<\/p>\n<p>En tanto, tras los tr\u00e1mites de rigor ante el Tribunal Oral Federal n\u00famero 2, la ex presidenta ingres\u00f3 a la Sala AMIA, ubicada en el subsuelo de Comodoro Py 2002, y cerca de las 10.45 comenz\u00f3 a declarar como testigo en el marco de este juicio en el que se encuentran acusados, entre otros, el ex juez Juan Jos\u00e9 Galeano, el ex presidente Carlos Menem y el extitular de la SIDE Hugo Anzorreguy.<\/p>\n<p>&nbsp;<\/p>\n<p>&#8220;Vinimos porque somos solidarios con Cristina Kirchner en un ambiente hostil hacia ella como es Comodoro Py aunque esta causa es muy distinta y no se trata de una persecuci\u00f3n judicial como la de (Claudio) Bonadio&#8221;, afirm\u00f3 en declaraciones a T\u00e9lam el diputado H\u00e9ctor Recalde.<\/p>\n<p>&nbsp;<\/p>\n<p>La ex mandataria fue citada esta ma\u00f1ana por el Tribunal Oral Federal 2, compuesto por los jueces Jorge Gorini, N\u00e9stor Costabel y Karina Perilli, que interviene en el juicio por el supuesto encubrimiento del ataque contra la mutual jud\u00eda ocurrido el 18 de julio de 1994.<\/p>\n<p>&nbsp;<\/p>\n<p>Recalde afirm\u00f3 que, &#8220;de todas maneras, la acompa\u00f1amos y tenemos solidaridad con nuestra \u00fanica l\u00edder&#8221; y a\u00f1adi\u00f3 que la ex mandataria &#8220;siempre es hostigada por el acta de entendimiento firmada con Ir\u00e1n cuando la realidad es que las alertas rojas siguen vigentes&#8221;.<\/p>\n<p>&nbsp;<\/p>\n<p>Por su parte, el diputado Axel Kicillof sostuvo que &#8220;llevamos 22 a\u00f1os esperando justicia mientras otros casos avanzan rapid\u00edsimo&#8221;, al referirse al poco avance de la causa AMIA en relaci\u00f3n con las causas judiciales que se le siguen a la ex mandataria.<\/p>\n<p>&nbsp;<\/p>\n<p>Adem\u00e1s de Recalde y Kicillof, se acercaron a los tribunales de Comodoro Py para acompa\u00f1ar a la ex presidenta la ex legisladora porte\u00f1a Gabriela Alegre, el ex titular de la SIDE Oscar Parrilli y el ex titular de Radio y Televisi\u00f3n Argentina (RTA) Trist\u00e1n Bauer.<\/p>\n<p>&nbsp;<\/p>\n<p>El \u00faltimo paso de la ex presidenta Cristina de Kirchner por los Tribunales Federales de Comodoro Py hab\u00eda sido el martes pasado, cuando concurri\u00f3 al juzgado a cargo de Claudio Bonadio para dejar registro de sus huellas dactilares y responder un informe socio-ambiental en el marco de la causa por el d\u00f3lar a futuro, en la que se encuentra procesada, con un fallo confirmado por la C\u00e1mara Federal.<\/p>\n","protected":false},"excerpt":{"rendered":"<p>La ex presidenta Cristina de Kirchner asegur\u00f3 este lunes al declarar en juicio oral y p\u00fablico que el ex juez Juan Jos\u00e9 Galeano se dedicaba a &#8220;juntar papeles&#8221; en la investigaci\u00f3n del atentado a la AMIA, la que -seg\u00fan consider\u00f3- fue &#8220;un escenario de operaciones pol\u00edticas&#8221;. En tanto, se pas\u00f3 a un cuarto intermedio por un corte de luz en los tribunales de Comodoro Py &nbsp; &nbsp; &nbsp; &nbsp; &nbsp; &nbsp; La ex presidenta critic\u00f3 este lunes la investigaci\u00f3n del ex juez Juan Jos\u00e9 Galeano y el desempe\u00f1o de la&#8230;<\/p>\n","protected":false},"author":3,"featured_media":5426,"comment_status":"closed","ping_status":"closed","sticky":false,"template":"","format":"standard","meta":[],"categories":[18],"tags":[],"_links":{"self":[{"href":"https:\/\/www.actualidadadiario.com\/index.php\/wp-json\/wp\/v2\/posts\/5425"}],"collection":[{"href":"https:\/\/www.actualidadadiario.com\/index.php\/wp-json\/wp\/v2\/posts"}],"about":[{"href":"https:\/\/www.actualidadadiario.com\/index.php\/wp-json\/wp\/v2\/types\/post"}],"author":[{"embeddable":true,"href":"https:\/\/www.actualidadadiario.com\/index.php\/wp-json\/wp\/v2\/users\/3"}],"replies":[{"embeddable":true,"href":"https:\/\/www.actualidadadiario.com\/index.php\/wp-json\/wp\/v2\/comments?post=5425"}],"version-history":[{"count":1,"href":"https:\/\/www.actualidadadiario.com\/index.php\/wp-json\/wp\/v2\/posts\/5425\/revisions"}],"predecessor-version":[{"id":5427,"href":"https:\/\/www.actualidadadiario.com\/index.php\/wp-json\/wp\/v2\/posts\/5425\/revisions\/5427"}],"wp:featuredmedia":[{"embeddable":true,"href":"https:\/\/www.actualidadadiario.com\/index.php\/wp-json\/wp\/v2\/media\/5426"}],"wp:attachment":[{"href":"https:\/\/www.actualidadadiario.com\/index.php\/wp-json\/wp\/v2\/media?parent=5425"}],"wp:term":[{"taxonomy":"category","embeddable":true,"href":"https:\/\/www.actualidadadiario.com\/index.php\/wp-json\/wp\/v2\/categories?post=5425"},{"taxonomy":"post_tag","embeddable":true,"href":"https:\/\/www.actualidadadiario.com\/index.php\/wp-json\/wp\/v2\/tags?post=5425"}],"curies":[{"name":"wp","href":"https:\/\/api.w.org\/{rel}","templated":true}]}}