{"id":5422,"date":"2016-12-06T10:23:19","date_gmt":"2016-12-06T13:23:19","guid":{"rendered":"http:\/\/actualidadadiario.com\/site\/?p=5422"},"modified":"2016-12-06T10:23:19","modified_gmt":"2016-12-06T13:23:19","slug":"grupo-de-onu-acepto-visitar-pais-y-elevo-la-presion-por-sala","status":"publish","type":"post","link":"https:\/\/www.actualidadadiario.com\/index.php\/2016\/12\/06\/grupo-de-onu-acepto-visitar-pais-y-elevo-la-presion-por-sala\/","title":{"rendered":"Grupo de ONU acept\u00f3 visitar pa\u00eds y elev\u00f3 la presi\u00f3n por Sala"},"content":{"rendered":"<p><em><strong>Nueva advertencia internacional por la detenci\u00f3n desde enero de la dirigente kirchnerista<\/strong><\/em><\/p>\n<p>&nbsp;<\/p>\n<p>&nbsp;<\/p>\n<p>&nbsp;<\/p>\n<p>&nbsp;<\/p>\n<p>&nbsp;<\/p>\n<p>El Grupo de Trabajo sobre la Detenci\u00f3n Arbitraria de la ONU acept\u00f3 la invitaci\u00f3n del Gobierno de Mauricio Macri para visitar el pa\u00eds, en respuesta a su pedido de excarcelaci\u00f3n inmediata de la diputada del Parlasur Milagro Sala, aunque advirti\u00f3 que &#8220;la \u00fanica respuesta satisfactoria es la liberaci\u00f3n&#8221; de la dirigente kirchnerista.<\/p>\n<p>&nbsp;<\/p>\n<p>Pero el desembarco se concretar\u00eda reci\u00e9n en mayo de 2017, seg\u00fan trascendi\u00f3 de manera extraoficial.<\/p>\n<p>&nbsp;<\/p>\n<p>&#8220;El Gobierno invit\u00f3 al Grupo pero eso no puede constituir una respuesta a (nuestra) decisi\u00f3n; la \u00fanica respuesta satisfactoria es la liberaci\u00f3n&#8221;, enfatiz\u00f3 el presidente del \u00f3rgano, Roland Adjovi.<\/p>\n<p>&nbsp;<\/p>\n<p>&#8220;El Gobierno federal tiene obligaciones en ese sentido en el plano internacional: la naturaleza federal de Argentina no puede ser una excusa escapatoria a sus obligaciones&#8221;, argument\u00f3, tras la invitaci\u00f3n cursada por la Canciller\u00eda.<\/p>\n<p>&nbsp;<\/p>\n<p>La l\u00edder de la Tupac Amaru fue detenida el 16 de enero por presunta sedici\u00f3n, ante un acampe frente a la Casa de Gobierno juje\u00f1a que arranc\u00f3 en diciembre y dur\u00f3 51 d\u00edas. Trece d\u00edas despu\u00e9s un juez provincial orden\u00f3 su excarcelaci\u00f3n, pero permaneci\u00f3 detenida preventivamente por otra causa en la que se le imputan presunta defraudaci\u00f3n a la administraci\u00f3n p\u00fablica, y extorsi\u00f3n en la construcci\u00f3n de viviendas sociales.<\/p>\n<p>&nbsp;<\/p>\n<p>&#8220;En principio ser\u00eda una visita de seguimiento, pero como hace mucho que la primera visita tuvo lugar (fue en 2003), una visita completa ser\u00eda lo m\u00e1s apropiado; la cuesti\u00f3n ser\u00e1 resuelta una vez convenida la fecha&#8221;, agreg\u00f3 Adjovi, adem\u00e1s de remarcar que &#8220;no puede haber visita exclusivamente ligada al caso Milagro Sala&#8221;.<\/p>\n<p>&nbsp;<\/p>\n<p>El Grupo est\u00e1 integrado por cinco expertos independientes, uno por cada regi\u00f3n del planeta.<\/p>\n<p>&nbsp;<\/p>\n<p>Su pedido el 3 de noviembre de una liberaci\u00f3n urgente de Sala, cuya detenci\u00f3n preventiva fue tildada de &#8220;arbitraria&#8221;, fue apoyado, entre otros, por la Comisi\u00f3n Interamericana de Derechos Humanos (CIDH) y por el secretario general de la OEA, Luis Almagro.<\/p>\n<p>&nbsp;<\/p>\n<p>En tanto, Mar\u00eda Elena Naddeo, integrante del Comit\u00e9 por la Libertad de Milagro Sala, asegur\u00f3 ayer que llevar\u00e1n el reclamo por la liberaci\u00f3n a Estados Unidos, Francia, Espa\u00f1a, Canad\u00e1, Italia, Alemania, Brasil, Colombia, Venezuela y Per\u00fa, adem\u00e1s de recorrer embajadas de otros pa\u00edses en Argentina.<\/p>\n<p>&nbsp;<\/p>\n<p>En tanto, ayer, el ministro de Gobierno y Justicia juje\u00f1o, Agust\u00edn Perassi, consider\u00f3 como &#8220;expresiones de tipo pol\u00edtico&#8221; el planteo de la CIDH. &#8220;Debe expresarse a trav\u00e9s de una resoluci\u00f3n y no por declaraciones p\u00fablicas que no tienen real contenido jur\u00eddico&#8221;, asegur\u00f3 el funcionario del gobernador radical Gerardo Morales.<\/p>\n<p>&nbsp;<\/p>\n<p>En este marco, el l\u00edder del Frente Renovador, Sergio Massa, afirm\u00f3 que la situaci\u00f3n de Sala debe ser resuelta por &#8220;la Justicia&#8221; juje\u00f1a, y que desde que est\u00e1 presa, en Jujuy &#8220;se respira libertad&#8221;.<\/p>\n","protected":false},"excerpt":{"rendered":"<p>Nueva advertencia internacional por la detenci\u00f3n desde enero de la dirigente kirchnerista &nbsp; &nbsp; &nbsp; &nbsp; &nbsp; El Grupo de Trabajo sobre la Detenci\u00f3n Arbitraria de la ONU acept\u00f3 la invitaci\u00f3n del Gobierno de Mauricio Macri para visitar el pa\u00eds, en respuesta a su pedido de excarcelaci\u00f3n inmediata de la diputada del Parlasur Milagro Sala, aunque advirti\u00f3 que &#8220;la \u00fanica respuesta satisfactoria es la liberaci\u00f3n&#8221; de la dirigente kirchnerista. &nbsp; Pero el desembarco se concretar\u00eda reci\u00e9n en mayo de 2017, seg\u00fan trascendi\u00f3 de manera extraoficial. &nbsp; &#8220;El Gobierno invit\u00f3 al&#8230;<\/p>\n","protected":false},"author":3,"featured_media":5423,"comment_status":"closed","ping_status":"closed","sticky":false,"template":"","format":"standard","meta":[],"categories":[18],"tags":[],"_links":{"self":[{"href":"https:\/\/www.actualidadadiario.com\/index.php\/wp-json\/wp\/v2\/posts\/5422"}],"collection":[{"href":"https:\/\/www.actualidadadiario.com\/index.php\/wp-json\/wp\/v2\/posts"}],"about":[{"href":"https:\/\/www.actualidadadiario.com\/index.php\/wp-json\/wp\/v2\/types\/post"}],"author":[{"embeddable":true,"href":"https:\/\/www.actualidadadiario.com\/index.php\/wp-json\/wp\/v2\/users\/3"}],"replies":[{"embeddable":true,"href":"https:\/\/www.actualidadadiario.com\/index.php\/wp-json\/wp\/v2\/comments?post=5422"}],"version-history":[{"count":1,"href":"https:\/\/www.actualidadadiario.com\/index.php\/wp-json\/wp\/v2\/posts\/5422\/revisions"}],"predecessor-version":[{"id":5424,"href":"https:\/\/www.actualidadadiario.com\/index.php\/wp-json\/wp\/v2\/posts\/5422\/revisions\/5424"}],"wp:featuredmedia":[{"embeddable":true,"href":"https:\/\/www.actualidadadiario.com\/index.php\/wp-json\/wp\/v2\/media\/5423"}],"wp:attachment":[{"href":"https:\/\/www.actualidadadiario.com\/index.php\/wp-json\/wp\/v2\/media?parent=5422"}],"wp:term":[{"taxonomy":"category","embeddable":true,"href":"https:\/\/www.actualidadadiario.com\/index.php\/wp-json\/wp\/v2\/categories?post=5422"},{"taxonomy":"post_tag","embeddable":true,"href":"https:\/\/www.actualidadadiario.com\/index.php\/wp-json\/wp\/v2\/tags?post=5422"}],"curies":[{"name":"wp","href":"https:\/\/api.w.org\/{rel}","templated":true}]}}