{"id":5419,"date":"2016-12-06T10:22:22","date_gmt":"2016-12-06T13:22:22","guid":{"rendered":"http:\/\/actualidadadiario.com\/site\/?p=5419"},"modified":"2016-12-06T10:22:22","modified_gmt":"2016-12-06T13:22:22","slug":"das-neves-critico-a-macri-y-prometio-luchar-contra-quita-de-reembolsos-a-puertos","status":"publish","type":"post","link":"https:\/\/www.actualidadadiario.com\/index.php\/2016\/12\/06\/das-neves-critico-a-macri-y-prometio-luchar-contra-quita-de-reembolsos-a-puertos\/","title":{"rendered":"Das Neves critic\u00f3 a Macri y prometi\u00f3 &#8220;luchar&#8221; contra quita de reembolsos a puertos"},"content":{"rendered":"<p><em><strong>El gobernador del Chubut, Mario Das Neves, pedir\u00e1 al Congreso que se pronuncie sobre el Decreto de Necesidad y Urgencia con el que el presidente Mauricio Macri elimin\u00f3 el sistema de reembolsos para puertos patag\u00f3nicos<\/strong><\/em><\/p>\n<p>&nbsp;<\/p>\n<p>&nbsp;<\/p>\n<p>&nbsp;<\/p>\n<p>&nbsp;<\/p>\n<p>&nbsp;<\/p>\n<p>&nbsp;<\/p>\n<p>El mandatario chubustense dio una conferencia de prensa en la que critic\u00f3 con dureza la decisi\u00f3n tomada por Macri sin haber consultado a los gobernadores de la Patagonia, zona afectada en forma directa.<\/p>\n<p>&nbsp;<\/p>\n<p>Das Neves cuestion\u00f3 la derogaci\u00f3n del reembolso por exportaciones desde puertos patag\u00f3nicos y sostuvo que &#8220;hay una mirada hacia la provincia de Buenos Aires y la Pampa H\u00fameda que es donde est\u00e1 la mayor\u00eda electoral, en desmedro del resto del pa\u00eds&#8221;.<\/p>\n<p>&nbsp;<\/p>\n<p>El mandatario provincial agreg\u00f3 que la decisi\u00f3n del gobierno nacional ser\u00e1 cuestionada para dejarla sin validez desde la Comisi\u00f3n Bicameral del Congreso de la Naci\u00f3n y ante la posibilidad de que se postergue su reuni\u00f3n, advirti\u00f3 que &#8220;febrero est\u00e1 ah\u00ed, a la vuelta de la esquina, pero vamos a jugar a fondo para derogar ese decreto de necesidad y urgencia&#8221;.<\/p>\n<p>&nbsp;<\/p>\n<p>&#8220;Me siento manoseado, y creo que no est\u00e1n midiendo consecuencias. Los patag\u00f3nicos uniremos fuerzas en \u00e9sta lucha&#8221;, avis\u00f3 Das Neves, quien inst\u00f3 a sus pares de Neuqu\u00e9n, Omar Guti\u00e9rrez, y de Santa Cruz, Alicia Kirchner, a que se expresen.<\/p>\n<p>&nbsp;<\/p>\n<p>El mensaje del chubutense tambi\u00e9n fue para la fueguina Rosana Bertone y el rionegrino Alberto Weretilneck, cuyas provincias tambi\u00e9n ser\u00e1n afectadas por la decisi\u00f3n tomada por el presidente y su jefe de Gabinete, Marcos Pe\u00f1a.<\/p>\n<p>&nbsp;<\/p>\n<p>El gobernador de Chubut dijo en ese sentido: &#8220;Es necesario que hablen, la voz de todos es importante. Hay que dar \u00e9sta lucha, no tengan duda que as\u00ed ser\u00e1&#8221;.<\/p>\n<p>&nbsp;<\/p>\n<p>El pedido para revistar el DNU ser\u00e1 trasmitido por el gobernador chubutense a la Comisi\u00f3n Bicameral Permanente del Congreso, con el objetivo de que haya un pronunciamiento sobre la &#8220;invalidez&#8221; de ese decreto conocido el viernes pasado.<\/p>\n<p>&nbsp;<\/p>\n<p>La eliminaci\u00f3n del sistema de reembolso adicional para exportaciones con embarque en puertos patag\u00f3nicos significar\u00e1 un duro golpe a la econom\u00eda de las provincias del sur y a los ingresos del fisco.<\/p>\n<p>&nbsp;<\/p>\n<p>&#8220;Si les llen\u00e1s tres Plazas de Mayo no les interesa, porque saben a d\u00f3nde van. Pero no hay una conciencia social&#8221;, se quej\u00f3 Das Neves en la conferencia de prensa, cuyos mensajes fueron ratificados luego en su cuenta de la red social Twitter.<\/p>\n<p>&nbsp;<\/p>\n<p>El sistema beneficiaba a las exportaciones con embarques en los puertos de San Antonio Oeste y Madryn con 8% de reembolso; Comodoro Rivadavia, con 9%; Puerto Deseado y San Juli\u00e1n, con 11%; Punta Quilla, R\u00edo Gallegos y R\u00edo Grande, con 12%; y Ushuaia, con 13%.<\/p>\n<p>&nbsp;<\/p>\n<p>Das Neves anticip\u00f3 que conf\u00eda en que los legisladores de la Comisi\u00f3n Bicameral Permanente &#8220;avancen positivamente en defensa de nuestras econom\u00edas regionales&#8221;.<\/p>\n<p>&nbsp;<\/p>\n<p>El pedido del gobernador del Chubut tiene que ver con que precisamente es la Comisi\u00f3n Bicameral Permanente la que, a partir de esta medida, debe pronunciarse respecto a la validez o invalidez de los DNU.<\/p>\n","protected":false},"excerpt":{"rendered":"<p>El gobernador del Chubut, Mario Das Neves, pedir\u00e1 al Congreso que se pronuncie sobre el Decreto de Necesidad y Urgencia con el que el presidente Mauricio Macri elimin\u00f3 el sistema de reembolsos para puertos patag\u00f3nicos &nbsp; &nbsp; &nbsp; &nbsp; &nbsp; &nbsp; El mandatario chubustense dio una conferencia de prensa en la que critic\u00f3 con dureza la decisi\u00f3n tomada por Macri sin haber consultado a los gobernadores de la Patagonia, zona afectada en forma directa. &nbsp; Das Neves cuestion\u00f3 la derogaci\u00f3n del reembolso por exportaciones desde puertos patag\u00f3nicos y sostuvo que&#8230;<\/p>\n","protected":false},"author":3,"featured_media":5420,"comment_status":"closed","ping_status":"closed","sticky":false,"template":"","format":"standard","meta":[],"categories":[9],"tags":[],"_links":{"self":[{"href":"https:\/\/www.actualidadadiario.com\/index.php\/wp-json\/wp\/v2\/posts\/5419"}],"collection":[{"href":"https:\/\/www.actualidadadiario.com\/index.php\/wp-json\/wp\/v2\/posts"}],"about":[{"href":"https:\/\/www.actualidadadiario.com\/index.php\/wp-json\/wp\/v2\/types\/post"}],"author":[{"embeddable":true,"href":"https:\/\/www.actualidadadiario.com\/index.php\/wp-json\/wp\/v2\/users\/3"}],"replies":[{"embeddable":true,"href":"https:\/\/www.actualidadadiario.com\/index.php\/wp-json\/wp\/v2\/comments?post=5419"}],"version-history":[{"count":1,"href":"https:\/\/www.actualidadadiario.com\/index.php\/wp-json\/wp\/v2\/posts\/5419\/revisions"}],"predecessor-version":[{"id":5421,"href":"https:\/\/www.actualidadadiario.com\/index.php\/wp-json\/wp\/v2\/posts\/5419\/revisions\/5421"}],"wp:featuredmedia":[{"embeddable":true,"href":"https:\/\/www.actualidadadiario.com\/index.php\/wp-json\/wp\/v2\/media\/5420"}],"wp:attachment":[{"href":"https:\/\/www.actualidadadiario.com\/index.php\/wp-json\/wp\/v2\/media?parent=5419"}],"wp:term":[{"taxonomy":"category","embeddable":true,"href":"https:\/\/www.actualidadadiario.com\/index.php\/wp-json\/wp\/v2\/categories?post=5419"},{"taxonomy":"post_tag","embeddable":true,"href":"https:\/\/www.actualidadadiario.com\/index.php\/wp-json\/wp\/v2\/tags?post=5419"}],"curies":[{"name":"wp","href":"https:\/\/api.w.org\/{rel}","templated":true}]}}