{"id":5411,"date":"2016-12-06T10:17:48","date_gmt":"2016-12-06T13:17:48","guid":{"rendered":"http:\/\/actualidadadiario.com\/site\/?p=5411"},"modified":"2016-12-06T10:20:18","modified_gmt":"2016-12-06T13:20:18","slug":"el-gobierno-quiere-tratar-en-sesiones-extraordinarias-la-eliminacion-de-los-feriados-puente","status":"publish","type":"post","link":"https:\/\/www.actualidadadiario.com\/index.php\/2016\/12\/06\/el-gobierno-quiere-tratar-en-sesiones-extraordinarias-la-eliminacion-de-los-feriados-puente\/","title":{"rendered":"El Gobierno quiere tratar en sesiones extraordinarias la eliminaci\u00f3n de los feriados puente"},"content":{"rendered":"<p><em><strong>El pol\u00e9mico proyecto, que reduce salarios por v\u00eda indirecta, fue finalmente incluido para que se debata este mes<\/strong><\/em><\/p>\n<p>&nbsp;<\/p>\n<p>&nbsp;<\/p>\n<p>&nbsp;<\/p>\n<p>&nbsp;<\/p>\n<p>&nbsp;<\/p>\n<p>El Gobierno finalmente incluy\u00f3 del proyecto de Emergencia Social y el nuevo r\u00e9gimen de feriados, entre otros, en el temario a tratar por el Congreso durante el actual per\u00edodo de sesiones extraordinarias. De esta forma, el oficialismo buscar\u00e1 eliminar los feriados puente para el 2017 y convertir el 24 de marzo en un d\u00eda no laborable movible, con m\u00e1s finalidad tur\u00edstica que de conmemoraci\u00f3n.<\/p>\n<p>&nbsp;<\/p>\n<p>A trav\u00e9s del decreto 1229\/2016 publicado en el Bolet\u00edn Oficial firmado por el presidente Mauricio Macri y el jefe de Gabinete, Marcos Pe\u00f1a, en el temario de las sesiones extraordinarias se incluy\u00f3 el proyecto de ley por el que se prorroga la emergencia social hasta el 31 de diciembre de 2019, en los t\u00e9rminos de la Ley N\u00b0 27.200, que se tratar\u00e1 hoy, as\u00ed como la iniciativa por la que se establece un nuevo r\u00e9gimen de Feriados Nacionales y D\u00edas No Laborables en todo el territorio nacional.<\/p>\n<p>&nbsp;<\/p>\n<p>El proyecto de Emergencia Social tiene el visto bueno para ser aprobado, luego de que las organizaciones sociales llegaran a un acuerdo con el Gobierno para que se provean hasta 30 mil millones de pesos de asistencia social hasta 2019.<\/p>\n<p>&nbsp;<\/p>\n<p>Sin embargo, el proyecto que m\u00e1s pol\u00e9mica genera es el que establece un nuevo r\u00e9gimen de feriados nacionales, ya que elimina los feriados puente y convierte al 24 de marzo y el 2 de abril como d\u00edas no laborables movibles. Esta iniciativa, que lleg\u00f3 al Congreso la semana pasada, cuenta con el rechazo de los organismos de derechos humanos, que no quieren que la fecha se transforme en un d\u00eda tur\u00edstico.<\/p>\n<p>&nbsp;<\/p>\n<p>El proyecto tambi\u00e9n establece, por v\u00eda indirecta, una reducci\u00f3n de salarios, ya que ser\u00e1n menos los d\u00edas que algunos trabajadores podr\u00e1n cobrar horas extras.<\/p>\n<p>&nbsp;<\/p>\n<p>Mientras tanto, el proyecto de ley de Paridad de G\u00e9nero queda en stand by, ya que el Gobierno quiere que se apruebe v\u00eda la reforma pol\u00edtica que est\u00e1 congelada en el Senado. La oposici\u00f3n quiere impulsar el proyecto dedicado exclusivamente a este fin, que se aprob\u00f3 en paralelo en la C\u00e1mara Alta y que ahora necesita dictamen de comisi\u00f3n en Diputados para ser tratado en recinto.<\/p>\n","protected":false},"excerpt":{"rendered":"<p>El pol\u00e9mico proyecto, que reduce salarios por v\u00eda indirecta, fue finalmente incluido para que se debata este mes &nbsp; &nbsp; &nbsp; &nbsp; &nbsp; El Gobierno finalmente incluy\u00f3 del proyecto de Emergencia Social y el nuevo r\u00e9gimen de feriados, entre otros, en el temario a tratar por el Congreso durante el actual per\u00edodo de sesiones extraordinarias. De esta forma, el oficialismo buscar\u00e1 eliminar los feriados puente para el 2017 y convertir el 24 de marzo en un d\u00eda no laborable movible, con m\u00e1s finalidad tur\u00edstica que de conmemoraci\u00f3n. &nbsp; A trav\u00e9s&#8230;<\/p>\n","protected":false},"author":3,"featured_media":5416,"comment_status":"closed","ping_status":"closed","sticky":false,"template":"","format":"standard","meta":[],"categories":[2],"tags":[],"_links":{"self":[{"href":"https:\/\/www.actualidadadiario.com\/index.php\/wp-json\/wp\/v2\/posts\/5411"}],"collection":[{"href":"https:\/\/www.actualidadadiario.com\/index.php\/wp-json\/wp\/v2\/posts"}],"about":[{"href":"https:\/\/www.actualidadadiario.com\/index.php\/wp-json\/wp\/v2\/types\/post"}],"author":[{"embeddable":true,"href":"https:\/\/www.actualidadadiario.com\/index.php\/wp-json\/wp\/v2\/users\/3"}],"replies":[{"embeddable":true,"href":"https:\/\/www.actualidadadiario.com\/index.php\/wp-json\/wp\/v2\/comments?post=5411"}],"version-history":[{"count":1,"href":"https:\/\/www.actualidadadiario.com\/index.php\/wp-json\/wp\/v2\/posts\/5411\/revisions"}],"predecessor-version":[{"id":5412,"href":"https:\/\/www.actualidadadiario.com\/index.php\/wp-json\/wp\/v2\/posts\/5411\/revisions\/5412"}],"wp:featuredmedia":[{"embeddable":true,"href":"https:\/\/www.actualidadadiario.com\/index.php\/wp-json\/wp\/v2\/media\/5416"}],"wp:attachment":[{"href":"https:\/\/www.actualidadadiario.com\/index.php\/wp-json\/wp\/v2\/media?parent=5411"}],"wp:term":[{"taxonomy":"category","embeddable":true,"href":"https:\/\/www.actualidadadiario.com\/index.php\/wp-json\/wp\/v2\/categories?post=5411"},{"taxonomy":"post_tag","embeddable":true,"href":"https:\/\/www.actualidadadiario.com\/index.php\/wp-json\/wp\/v2\/tags?post=5411"}],"curies":[{"name":"wp","href":"https:\/\/api.w.org\/{rel}","templated":true}]}}