{"id":5402,"date":"2016-12-05T11:11:39","date_gmt":"2016-12-05T14:11:39","guid":{"rendered":"http:\/\/actualidadadiario.com\/site\/?p=5402"},"modified":"2016-12-05T11:11:39","modified_gmt":"2016-12-05T14:11:39","slug":"fuerte-respuesta-de-la-abogada-de-milagro-sala-a-macri","status":"publish","type":"post","link":"https:\/\/www.actualidadadiario.com\/index.php\/2016\/12\/05\/fuerte-respuesta-de-la-abogada-de-milagro-sala-a-macri\/","title":{"rendered":"Fuerte respuesta de la abogada de Milagro Sala a Macri"},"content":{"rendered":"<p><em><strong>El fin de semana, el presidente asegur\u00f3 que Milagro Sala est\u00e1 presa porque \u201cla mayor\u00eda de los argentinos creen que cometi\u00f3 delitos\u201d. Ante esas declaraciones la abogada que representa a la militante juje\u00f1a le espet\u00f3 a Macri que ese argumento es \u201cantidemocr\u00e1tico y antirepublicano\u201d<\/strong><\/em><\/p>\n<p>&nbsp;<\/p>\n<p>&nbsp;<\/p>\n<p>&nbsp;<\/p>\n<p>&nbsp;<\/p>\n<p>&nbsp;<\/p>\n<p>Mientras el Gobierno insiste en no escuchar los reclamos de los organizamos internacionales para que liberen a Milagro Sala, Macri se empe\u00f1a en justificar su decisi\u00f3n.<\/p>\n<p>&nbsp;<\/p>\n<p>Desde la defensa de la l\u00edder de la Tupac Amaru, Elizabeth G\u00f3mez Alcorta, le respondi\u00f3 en duros t\u00e9rminos al mandatario por la justificaci\u00f3n de la arbitraria detenci\u00f3n. &#8220;El argumento de pensar que porque &#8216;la gente&#8217; cree que alguien debe estar preso es motivo suficiente para privar de su libertad a una persona es absolutamente antidemocr\u00e1tico y antirrepublicano&#8221;, sostuvo la letrada para el diario Tiempo Argentino.<\/p>\n<p>&nbsp;<\/p>\n<p>Acto seguido analiz\u00f3 que &#8220;las instituciones de la rep\u00fablica indican que el pueblo se manifiesta y tiene derecho a expresarse por m\u00faltiples formas, pero nunca podr\u00eda justificar una detenci\u00f3n lo que la mayor\u00eda de la gente quiera o no quiera. Decir eso es un argumento cuasi fascista, violatorio del sistema democr\u00e1tico, de las normas b\u00e1sicas de la divisi\u00f3n de poderes y violatorio adem\u00e1s de los compromisos asumidos por el propio Estado frente a la comunidad internacional&#8221;.<\/p>\n<p>&nbsp;<\/p>\n<p>Pese a las declaraciones en los micr\u00f3fonos, son varios los funcionarios que se comienzan a mirar azorados con cada nueva exigencia de un organismo internacional. Y al mismo tiempo reina un desconcierto al no tener una respuesta adecuada para sobrellevar la situaci\u00f3n.<\/p>\n","protected":false},"excerpt":{"rendered":"<p>El fin de semana, el presidente asegur\u00f3 que Milagro Sala est\u00e1 presa porque \u201cla mayor\u00eda de los argentinos creen que cometi\u00f3 delitos\u201d. Ante esas declaraciones la abogada que representa a la militante juje\u00f1a le espet\u00f3 a Macri que ese argumento es \u201cantidemocr\u00e1tico y antirepublicano\u201d &nbsp; &nbsp; &nbsp; &nbsp; &nbsp; Mientras el Gobierno insiste en no escuchar los reclamos de los organizamos internacionales para que liberen a Milagro Sala, Macri se empe\u00f1a en justificar su decisi\u00f3n. &nbsp; Desde la defensa de la l\u00edder de la Tupac Amaru, Elizabeth G\u00f3mez Alcorta, le&#8230;<\/p>\n","protected":false},"author":3,"featured_media":5403,"comment_status":"closed","ping_status":"closed","sticky":false,"template":"","format":"standard","meta":[],"categories":[4],"tags":[],"_links":{"self":[{"href":"https:\/\/www.actualidadadiario.com\/index.php\/wp-json\/wp\/v2\/posts\/5402"}],"collection":[{"href":"https:\/\/www.actualidadadiario.com\/index.php\/wp-json\/wp\/v2\/posts"}],"about":[{"href":"https:\/\/www.actualidadadiario.com\/index.php\/wp-json\/wp\/v2\/types\/post"}],"author":[{"embeddable":true,"href":"https:\/\/www.actualidadadiario.com\/index.php\/wp-json\/wp\/v2\/users\/3"}],"replies":[{"embeddable":true,"href":"https:\/\/www.actualidadadiario.com\/index.php\/wp-json\/wp\/v2\/comments?post=5402"}],"version-history":[{"count":1,"href":"https:\/\/www.actualidadadiario.com\/index.php\/wp-json\/wp\/v2\/posts\/5402\/revisions"}],"predecessor-version":[{"id":5404,"href":"https:\/\/www.actualidadadiario.com\/index.php\/wp-json\/wp\/v2\/posts\/5402\/revisions\/5404"}],"wp:featuredmedia":[{"embeddable":true,"href":"https:\/\/www.actualidadadiario.com\/index.php\/wp-json\/wp\/v2\/media\/5403"}],"wp:attachment":[{"href":"https:\/\/www.actualidadadiario.com\/index.php\/wp-json\/wp\/v2\/media?parent=5402"}],"wp:term":[{"taxonomy":"category","embeddable":true,"href":"https:\/\/www.actualidadadiario.com\/index.php\/wp-json\/wp\/v2\/categories?post=5402"},{"taxonomy":"post_tag","embeddable":true,"href":"https:\/\/www.actualidadadiario.com\/index.php\/wp-json\/wp\/v2\/tags?post=5402"}],"curies":[{"name":"wp","href":"https:\/\/api.w.org\/{rel}","templated":true}]}}