{"id":5393,"date":"2016-12-05T10:38:52","date_gmt":"2016-12-05T13:38:52","guid":{"rendered":"http:\/\/actualidadadiario.com\/site\/?p=5393"},"modified":"2016-12-05T10:38:52","modified_gmt":"2016-12-05T13:38:52","slug":"se-inician-este-lunes-los-concursos-docentes-para-mas-de-2500-cargos","status":"publish","type":"post","link":"https:\/\/www.actualidadadiario.com\/index.php\/2016\/12\/05\/se-inician-este-lunes-los-concursos-docentes-para-mas-de-2500-cargos\/","title":{"rendered":"Se inician este lunes los concursos docentes para m\u00e1s de 2500 cargos"},"content":{"rendered":"<p><em><strong>Tienen la posibilidad de acceder a la titularidad laboral m\u00e1s de 23.000 trabajadores habilitados para participar. En Gualeguaych\u00fa, d\u00edas 13 y 14<\/strong><\/em><\/p>\n<p>&nbsp;<\/p>\n<p>&nbsp;<\/p>\n<p>&nbsp;<\/p>\n<p>Este lunes, en San Jos\u00e9 de Feliciano, dar\u00e1 comienzo el cronograma de concursos docentes con los que se espera regularizar la situaci\u00f3n de los educadores en los niveles inicial, primario y sus modalidades, d\u00e1ndoles la posibilidad de acceder a la titularidad laboral a m\u00e1s de 23.000 trabajadores habilitados para participar.<\/p>\n<p>&nbsp;<\/p>\n<p>Estos concursos, que tienen car\u00e1cter ordinario, est\u00e1n destinados al ingreso, pases, traslados y ascenso hasta director de cuarta categor\u00eda, y se espera titularizar m\u00e1s de 2.500 cargos, los que generan nuevas vacantes, pero particularmente se destaca el haber arribado a esta instancia, hist\u00f3ricamente reclamada por las organizaciones docentes, a s\u00f3lo un a\u00f1o de la actual gesti\u00f3n del gobernador Gustavo Bordet.<\/p>\n<p>&nbsp;<\/p>\n<p>Con la misma finalidad trabaj\u00f3 la comisi\u00f3n para la recategorizaci\u00f3n de escuelas, convocada por el Consejo General de Educaci\u00f3n (CGE) e integrada por representantes gremiales y funcionarios pol\u00edticos. En ese marco, se firm\u00f3 un acta por el cual se establecen los nuevos criterios que se emplear\u00e1n para realizar las recategorizaciones en 2017, modific\u00e1ndose la resoluci\u00f3n 1191 de 1991 y acordando tambi\u00e9n mantener sin modificaciones las resoluciones 2618 y 2860 de este a\u00f1o.<\/p>\n<p>&nbsp;<\/p>\n<p>El acta firmada por los vocales pol\u00edticos Rita Nievas y Gast\u00f3n Etchepare, la vocal gremial Perla Florent\u00edn, la directora de Educaci\u00f3n Primaria, Rosana Castro, y los representantes gremiales Alejandro Bernasconi, Mario Bernasconi, Pablo Abdala y Claudia Fornara, establece criterios y propicia el debate y seguimiento que la comisi\u00f3n convocada por el CGE puede realizar, pero no modifica las acciones del a\u00f1o en curso, lo cual otorga plena certidumbre sobre los cargos que se concursar\u00e1n en cada departamento.<\/p>\n<p>&nbsp;<\/p>\n<p>Tal como se indic\u00f3, se realiz\u00f3 un trabajo colectivo y responsable de evaluaci\u00f3n y procesamiento de datos por parte de vocales pol\u00edticos y gremiales, t\u00e9cnicos y administrativos, y equipos de Coordinaci\u00f3n Inform\u00e1tica de Jurado de Concursos, que presume tambi\u00e9n un importante grado de avance en la comunicaci\u00f3n por medios digitales, que evit\u00f3 a los docentes las tradicionales largas colas y demoras para considerar los reclamos o rectificaciones, que deben considerarse en cada caso que los docentes plantean, para arribar a la instancia de concurso.<\/p>\n<p>&nbsp;<\/p>\n<p>Por esos medios, de manera segura e inviolable, los docentes pudieron arribar \u2013y podr\u00e1n hacerlo en el futuro- a su legajo completo, con la inclusi\u00f3n de todos los detalles de su carrera profesional, participando ellos mismos \u2013tambi\u00e9n por medios digitales- en las revisiones particulares y correcciones de detalles si fuere necesario.<\/p>\n<p>&nbsp;<\/p>\n<p>El acuerdo con las organizaciones sindicales adquiere particular relevancia pol\u00edtica si se tiene en cuenta que en los \u00faltimos a\u00f1os no se hab\u00eda logrado alcanzarlo, por lo que se torna previsible la carrera profesional docente y los criterios que se emplear\u00e1n a futuro para las re-categorizaciones, importante en el aspecto laboral por el impacto que ello pueda tener en los casos de reubicaci\u00f3n de educadores en nuevos destinos.<\/p>\n<p>&nbsp;<\/p>\n<p>&nbsp;<\/p>\n<p>&nbsp;<\/p>\n<p>&nbsp;<\/p>\n<p>&nbsp;<\/p>\n<p>&nbsp;<\/p>\n<p><strong>Cronograma de Concursos<\/strong><\/p>\n<p><strong>Diciembre 2016<\/strong><\/p>\n<p>&nbsp;<\/p>\n<p>5, 6 y 7 \u2013 Feliciano, La Paz y San Salvador<\/p>\n<p>&nbsp;<\/p>\n<p>12 al 16 \u2013 Paran\u00e1<\/p>\n<p>&nbsp;<\/p>\n<p>19, 20, 21, 22 y 23 \u2013 Federal, Villaguay, Diamante, Victoria y Nogoy\u00e1<\/p>\n<p>&nbsp;<\/p>\n<p>Febrero 2017<\/p>\n<p>&nbsp;<\/p>\n<p>6 al 8 \u2013 Concordia<\/p>\n<p>&nbsp;<\/p>\n<p>9 y 10 \u2013 Federaci\u00f3n y Col\u00f3n<\/p>\n<p>&nbsp;<\/p>\n<p>13 y 14- Gualeguaych\u00fa<\/p>\n<p>&nbsp;<\/p>\n<p>15, 16 y 17 \u2013 Gualeguay, Islas y Tala<\/p>\n<p>&nbsp;<\/p>\n<p>20 y 21 \u2013 Uruguay<\/p>\n<p>&nbsp;<\/p>\n<p>Toma de Posesi\u00f3n \u2013 22 de febrero<\/p>\n","protected":false},"excerpt":{"rendered":"<p>Tienen la posibilidad de acceder a la titularidad laboral m\u00e1s de 23.000 trabajadores habilitados para participar. En Gualeguaych\u00fa, d\u00edas 13 y 14 &nbsp; &nbsp; &nbsp; Este lunes, en San Jos\u00e9 de Feliciano, dar\u00e1 comienzo el cronograma de concursos docentes con los que se espera regularizar la situaci\u00f3n de los educadores en los niveles inicial, primario y sus modalidades, d\u00e1ndoles la posibilidad de acceder a la titularidad laboral a m\u00e1s de 23.000 trabajadores habilitados para participar. &nbsp; Estos concursos, que tienen car\u00e1cter ordinario, est\u00e1n destinados al ingreso, pases, traslados y ascenso&#8230;<\/p>\n","protected":false},"author":3,"featured_media":5394,"comment_status":"closed","ping_status":"closed","sticky":false,"template":"","format":"standard","meta":[],"categories":[9],"tags":[],"_links":{"self":[{"href":"https:\/\/www.actualidadadiario.com\/index.php\/wp-json\/wp\/v2\/posts\/5393"}],"collection":[{"href":"https:\/\/www.actualidadadiario.com\/index.php\/wp-json\/wp\/v2\/posts"}],"about":[{"href":"https:\/\/www.actualidadadiario.com\/index.php\/wp-json\/wp\/v2\/types\/post"}],"author":[{"embeddable":true,"href":"https:\/\/www.actualidadadiario.com\/index.php\/wp-json\/wp\/v2\/users\/3"}],"replies":[{"embeddable":true,"href":"https:\/\/www.actualidadadiario.com\/index.php\/wp-json\/wp\/v2\/comments?post=5393"}],"version-history":[{"count":1,"href":"https:\/\/www.actualidadadiario.com\/index.php\/wp-json\/wp\/v2\/posts\/5393\/revisions"}],"predecessor-version":[{"id":5395,"href":"https:\/\/www.actualidadadiario.com\/index.php\/wp-json\/wp\/v2\/posts\/5393\/revisions\/5395"}],"wp:featuredmedia":[{"embeddable":true,"href":"https:\/\/www.actualidadadiario.com\/index.php\/wp-json\/wp\/v2\/media\/5394"}],"wp:attachment":[{"href":"https:\/\/www.actualidadadiario.com\/index.php\/wp-json\/wp\/v2\/media?parent=5393"}],"wp:term":[{"taxonomy":"category","embeddable":true,"href":"https:\/\/www.actualidadadiario.com\/index.php\/wp-json\/wp\/v2\/categories?post=5393"},{"taxonomy":"post_tag","embeddable":true,"href":"https:\/\/www.actualidadadiario.com\/index.php\/wp-json\/wp\/v2\/tags?post=5393"}],"curies":[{"name":"wp","href":"https:\/\/api.w.org\/{rel}","templated":true}]}}