{"id":5384,"date":"2016-12-05T10:35:09","date_gmt":"2016-12-05T13:35:09","guid":{"rendered":"http:\/\/actualidadadiario.com\/site\/?p=5384"},"modified":"2016-12-05T10:35:09","modified_gmt":"2016-12-05T13:35:09","slug":"la-camara-entrerriana-de-turismo-pedira-a-legisladores-que-no-voten-el-proyecto-que-cambia-los-feriados","status":"publish","type":"post","link":"https:\/\/www.actualidadadiario.com\/index.php\/2016\/12\/05\/la-camara-entrerriana-de-turismo-pedira-a-legisladores-que-no-voten-el-proyecto-que-cambia-los-feriados\/","title":{"rendered":"La C\u00e1mara Entrerriana de Turismo pedir\u00e1 a legisladores que no voten el proyecto que cambia los feriados"},"content":{"rendered":"<p><em><strong>\u201cEsto va en contra del interior del pa\u00eds y de las econom\u00edas regionales. Detr\u00e1s de esto est\u00e1n las grandes corporaciones que lidera la C\u00e1mara Argentina de Comercio\u201d, sostuvo el presidente de la C\u00e1mara<\/strong><\/em><\/p>\n<p>&nbsp;<\/p>\n<p>&nbsp;<\/p>\n<p>&nbsp;<\/p>\n<p>&nbsp;<\/p>\n<p>&nbsp;<\/p>\n<p>&nbsp;<\/p>\n<p>&nbsp;<\/p>\n<p>\u201cEstamos en estado de alerta\u201d, advirti\u00f3 el Presidente de la C\u00e1mara Entrerriana de Turismo en relaci\u00f3n al proyecto de ley que el Ejecutivo nacional envi\u00f3 al Parlamento para establecer un nuevo r\u00e9gimen en materia de feriados nacionales y d\u00edas no laborables.<\/p>\n<p>&nbsp;<\/p>\n<p>&nbsp;<\/p>\n<p>&nbsp;<\/p>\n<p>\u201cNo esper\u00e1bamos la presentaci\u00f3n de este proyecto, pero tampoco nos sorprende \u00bfPor qu\u00e9 no lo esper\u00e1bamos? Porque hab\u00edan dicho que iban a sacar un solo feriado puente, que era el del 26 de mayo. Ahora con esto no s\u00f3lo desaparece el feriado puente del 26 de mayo, sino tambi\u00e9n el del 19 de junio y sumado a eso el jueves santo, que se establece como d\u00eda no laborable\u201d, cuestion\u00f3 Sebasti\u00e1n Bel.<\/p>\n<p>&nbsp;<\/p>\n<p>&nbsp;<\/p>\n<p>&nbsp;<\/p>\n<p>Luego lament\u00f3 que el Gobierno haya avanzado con este tema \u201cde manera inconsulta, ignorando al sector privado, a las econom\u00edas regionales, a la actividad tur\u00edstica como generadora de empleo\u201d.<\/p>\n<p>&nbsp;<\/p>\n<p>&nbsp;<\/p>\n<p>&nbsp;<\/p>\n<p>Para Bel, \u201cesto va en contra del interior del interior y de los m\u00e1s de 300 municipios tur\u00edsticos que tiene el pa\u00eds\u201d y fue m\u00e1s all\u00e1 al decir que \u201cen Entre R\u00edos m\u00e1s del 95 por ciento de los alojamientos son generados por pymes familiares\u201d.<\/p>\n<p>&nbsp;<\/p>\n<p>&nbsp;<\/p>\n<p>&nbsp;<\/p>\n<p>Al continuar con las cr\u00edticas a la iniciativa del Gobierno que conduce Mauricio Macri, afirm\u00f3: \u201cS\u00f3lo miraron a un sector, que es el industrial y el de las grandes corporaciones que lidera la C\u00e1mara Argentina de Comercio\u201d.<\/p>\n<p>&nbsp;<\/p>\n<p>&nbsp;<\/p>\n<p>&nbsp;<\/p>\n<p>Uno de los fundamentos del proyecto es \u201cgarantizar los 180 d\u00edas de clases\u201d. Al respecto, Sebasti\u00e1n Bel sostuvo que esa cantidad de d\u00edas \u201cse puede garantizar tranquilamente teniendo fines de semana largos tur\u00edsticos\u201d.<\/p>\n<p>&nbsp;<\/p>\n<p>&nbsp;<\/p>\n<p>&nbsp;<\/p>\n<p>El Presidente de la C\u00e1mara Entrerriana de Turismo se\u00f1al\u00f3: \u201cYa estamos tratando de contactarnos con los legisladores entrerrianos nacionales para que voten en contra el proyecto\u201d.<\/p>\n","protected":false},"excerpt":{"rendered":"<p>\u201cEsto va en contra del interior del pa\u00eds y de las econom\u00edas regionales. Detr\u00e1s de esto est\u00e1n las grandes corporaciones que lidera la C\u00e1mara Argentina de Comercio\u201d, sostuvo el presidente de la C\u00e1mara &nbsp; &nbsp; &nbsp; &nbsp; &nbsp; &nbsp; &nbsp; \u201cEstamos en estado de alerta\u201d, advirti\u00f3 el Presidente de la C\u00e1mara Entrerriana de Turismo en relaci\u00f3n al proyecto de ley que el Ejecutivo nacional envi\u00f3 al Parlamento para establecer un nuevo r\u00e9gimen en materia de feriados nacionales y d\u00edas no laborables. &nbsp; &nbsp; &nbsp; \u201cNo esper\u00e1bamos la presentaci\u00f3n de este&#8230;<\/p>\n","protected":false},"author":3,"featured_media":5385,"comment_status":"closed","ping_status":"closed","sticky":false,"template":"","format":"standard","meta":[],"categories":[15],"tags":[],"_links":{"self":[{"href":"https:\/\/www.actualidadadiario.com\/index.php\/wp-json\/wp\/v2\/posts\/5384"}],"collection":[{"href":"https:\/\/www.actualidadadiario.com\/index.php\/wp-json\/wp\/v2\/posts"}],"about":[{"href":"https:\/\/www.actualidadadiario.com\/index.php\/wp-json\/wp\/v2\/types\/post"}],"author":[{"embeddable":true,"href":"https:\/\/www.actualidadadiario.com\/index.php\/wp-json\/wp\/v2\/users\/3"}],"replies":[{"embeddable":true,"href":"https:\/\/www.actualidadadiario.com\/index.php\/wp-json\/wp\/v2\/comments?post=5384"}],"version-history":[{"count":1,"href":"https:\/\/www.actualidadadiario.com\/index.php\/wp-json\/wp\/v2\/posts\/5384\/revisions"}],"predecessor-version":[{"id":5386,"href":"https:\/\/www.actualidadadiario.com\/index.php\/wp-json\/wp\/v2\/posts\/5384\/revisions\/5386"}],"wp:featuredmedia":[{"embeddable":true,"href":"https:\/\/www.actualidadadiario.com\/index.php\/wp-json\/wp\/v2\/media\/5385"}],"wp:attachment":[{"href":"https:\/\/www.actualidadadiario.com\/index.php\/wp-json\/wp\/v2\/media?parent=5384"}],"wp:term":[{"taxonomy":"category","embeddable":true,"href":"https:\/\/www.actualidadadiario.com\/index.php\/wp-json\/wp\/v2\/categories?post=5384"},{"taxonomy":"post_tag","embeddable":true,"href":"https:\/\/www.actualidadadiario.com\/index.php\/wp-json\/wp\/v2\/tags?post=5384"}],"curies":[{"name":"wp","href":"https:\/\/api.w.org\/{rel}","templated":true}]}}