{"id":5381,"date":"2016-12-05T10:34:08","date_gmt":"2016-12-05T13:34:08","guid":{"rendered":"http:\/\/actualidadadiario.com\/site\/?p=5381"},"modified":"2016-12-05T10:34:08","modified_gmt":"2016-12-05T13:34:08","slug":"bordet-se-pronuncio-a-favor-de-mantener-los-feriados-puente","status":"publish","type":"post","link":"https:\/\/www.actualidadadiario.com\/index.php\/2016\/12\/05\/bordet-se-pronuncio-a-favor-de-mantener-los-feriados-puente\/","title":{"rendered":"Bordet se pronunci\u00f3 a favor de mantener los feriados puente"},"content":{"rendered":"<p><em><strong>Lo hizo en el marco del lanzamiento de la temporada estival 2016 \u2013 17 que se realiz\u00f3 este s\u00e1bado en Federaci\u00f3n. \u201cA Entre R\u00edos le sirven mucho los feriados puentes desde el punto de vista tur\u00edstico. Consideramos que se deben mantener y vamos a hablar con nuestros legisladores, pero todo se debe hacer por consenso. No s\u00f3lo hay que reclamar sino tambi\u00e9n proponer, y por eso estamos dispuestos a dialogar para poder acordar lo mejor\u201d, expres\u00f3 ante la prensa<\/strong><\/em><\/p>\n<p>&nbsp;<\/p>\n<p>&nbsp;<\/p>\n<p>&nbsp;<\/p>\n<p>&nbsp;<\/p>\n<p>&nbsp;<\/p>\n<p>&nbsp;<\/p>\n<p>&nbsp;<\/p>\n<p>Junto al intendente de Federaci\u00f3n, Carlos Cecco; los ministros de Turismo, Adri\u00e1n Fuertes, de Gobierno, Mauro Urribarri, y de Producci\u00f3n, Carlos Schepens, y el titular del CFI, Juan Jos\u00e9 Ci\u00e1cera, el primer mandatario entrerriano dej\u00f3 oficialmente lanzada la temporada estival y all\u00ed destac\u00f3 la seguridad que impera en Entre R\u00edos, tras lo cual coment\u00f3 que si bien ya no se aplican foto multas en las rutas entrerrianas, habr\u00e1 controles para evitar excesos de velocidad.<\/p>\n<p>&nbsp;<\/p>\n<p>Tambi\u00e9n firm\u00f3 un convenio con el Consejo Federal de Inversiones (CFI) para llevar adelante acciones dirigidas al fortalecimiento del sector tur\u00edstico entrerriano con cr\u00e9ditos blandos.<\/p>\n<p>&nbsp;<\/p>\n<p>Tras recordar que el a\u00f1o pasado no pudo hacerse el lanzamiento de la temporada estival en Federaci\u00f3n por las inundaciones, el gobernador sostuvo que \u201choy nos toca venir con alegr\u00eda\u201d y breg\u00f3 porque el sector privado \u201cpueda tener el desarrollo econ\u00f3mico de su actividad y para qu\u00e9 se sigan sosteniendo muchas fuentes de trabajo en esta ciudad y en toda la provincia\u201d.<\/p>\n<p>&nbsp;<\/p>\n<p>\u201cHoy que tenemos por delante una magn\u00edfica temporada les decimos que vamos a trabajar fuertemente en tareas de promoci\u00f3n\u201d, se\u00f1al\u00f3 y en ese marco precis\u00f3 que \u201cel convenio suscripto con el CFI, por 6 millones de pesos, ser\u00e1 aplicado \u00edntegramente en una campa\u00f1a de turismo para que quienes quieran venir a la provincia encuentren todas las posibilidades y las puertas abiertas\u201d.<\/p>\n<p>&nbsp;<\/p>\n<p>\u201cLe agradezco al CFI no s\u00f3lo por este convenio sino por todo lo que hemos venido desarrollando. Y particularmente se\u00f1alar que en momentos dif\u00edciles como los que vivimos el a\u00f1o pasado tuvimos financiamiento por casi 30 millones de pesos para productores que resultaron afectados por la emergencia tasa cero y esto habla del esfuerzo de un organismo federal como el CFI\u201d, dijo.<\/p>\n<p>&nbsp;<\/p>\n<p>Y agreg\u00f3: \u201cVamos a seguir trabajando en l\u00edneas de cr\u00e9dito como por ejemplo para el sector tur\u00edstico donde desde la provincia tambi\u00e9n vamos a subsidiar la tasa que ya tiene fija el CFI para llegar al 10 por ciento a quienes tienen emprendimientos tur\u00edsticos para que puedan mejorarlos o iniciar uno nuevo y as\u00ed generar m\u00e1s fuentes de trabajo\u201d.<\/p>\n<p>&nbsp;<\/p>\n<p>&nbsp;<\/p>\n<p>&nbsp;<\/p>\n<p>&nbsp;<\/p>\n<p><strong>Excedentes de Salto Grande <\/strong><\/p>\n<p>Tambi\u00e9n mencion\u00f3 que Cafesg invirti\u00f3 70 millones de pesos en ese emprendimiento tur\u00edstico, y luego coment\u00f3 que \u201cestamos trabajando con los intendentes y legisladores de la regi\u00f3n, como as\u00ed tambi\u00e9n con el gobierno nacional, para que Cafesg pueda volver a tener excedentes. Es un organismo que ha funcionado con absoluta transparencia y donde la oposici\u00f3n tiene su representatividad, y queremos que pueda hacer m\u00e1s obras en el departamento. La forma de lograrlo es trabajar en conjunto como lo venimos haciendo desde el primer d\u00eda de gesti\u00f3n con resultados altamente beneficiosos\u201d<\/p>\n<p>&nbsp;<\/p>\n<p>\u201cPodemos tener diferencias, quiz\u00e1s de pensamiento, pero tenemos much\u00edsimas m\u00e1s coincidencias de trabajo, de metas y de objetivos, y eso es lo que nos debe unir porque es lo que la sociedad nos est\u00e1 demando: que nos pongamos a trabajar para resolver los problemas de todos los vecinos de esta hermosa provincia de Entre R\u00edos\u201d, concluy\u00f3.<\/p>\n<p>&nbsp;<\/p>\n<p>&nbsp;<\/p>\n<p>&nbsp;<\/p>\n<p>&nbsp;<\/p>\n<p>&nbsp;<\/p>\n<p>&nbsp;<\/p>\n<p><strong>Apuesta al desarrollo <\/strong><\/p>\n<p>Al hacer uso de la palabra, el intendente de Federaci\u00f3n, Carlos Cecco, destac\u00f3 que es la primera vez que se realiza un lanzamiento de temporada en Federaci\u00f3n y subray\u00f3 que \u201cesto nos anima y nos obliga a seguir trabajando en pos del desarrollo de la ciudad\u201d.<\/p>\n<p>&nbsp;<\/p>\n<p>\u201cVamos a poner todo el esfuerzo para que esta actividad sea una alternativa m\u00e1s que tenga la provincia de Entre R\u00edos\u201d, enfatiz\u00f3.<\/p>\n<p>&nbsp;<\/p>\n<p>A su turno, el titular del CFI coment\u00f3 que fue invitado por el gobernador a participar en el lanzamiento de la temporada estival y que siempre ese organismo \u201cest\u00e1 poniendo un granito de arena \u201cpara colaborar con la provincia. \u201cEstamos trabajando muy bien con Entre R\u00edos\u201d, afirm\u00f3.<\/p>\n<p>&nbsp;<\/p>\n<p>Luego destac\u00f3 que el CFI financia proyectos productivos y que Entre R\u00edos es la provincia que m\u00e1s cr\u00e9ditos tom\u00f3, adem\u00e1s de ser la que presenta la tasa de morosidad m\u00e1s baja del pa\u00eds.<\/p>\n<p>&nbsp;<\/p>\n<p>&nbsp;<\/p>\n<p>&nbsp;<\/p>\n<p>&nbsp;<\/p>\n<p>&nbsp;<\/p>\n<p>&nbsp;<\/p>\n<p><strong>Convenio con el CFI <\/strong><\/p>\n<p>En el convenio firmado este s\u00e1bado, el gobernador Bordet y el titular del CFI comprometieron esfuerzos para llevar adelante, en forma conjunta, distintas acciones dirigidas al fortalecimiento del sector tur\u00edstico entrerriano.<\/p>\n<p>&nbsp;<\/p>\n<p>Dichas acciones -que se enmarcan en la importancia que la provincia y el CFI asignan al est\u00edmulo y promoci\u00f3n del turismo, como actividad sociocultural y econ\u00f3mica prioritaria- ser\u00e1n seleccionadas en funci\u00f3n de los programas y pol\u00edticas que defina el Ejecutivo provincial.<\/p>\n<p>&nbsp;<\/p>\n<p>Para su implementaci\u00f3n, la provincia aportar\u00e1 los recursos humanos y materiales necesarios, en tanto que el Consejo brindar\u00e1 asistencia t\u00e9cnica, log\u00edstica y financiamiento por 6 millones de pesos.<\/p>\n","protected":false},"excerpt":{"rendered":"<p>Lo hizo en el marco del lanzamiento de la temporada estival 2016 \u2013 17 que se realiz\u00f3 este s\u00e1bado en Federaci\u00f3n. \u201cA Entre R\u00edos le sirven mucho los feriados puentes desde el punto de vista tur\u00edstico. Consideramos que se deben mantener y vamos a hablar con nuestros legisladores, pero todo se debe hacer por consenso. No s\u00f3lo hay que reclamar sino tambi\u00e9n proponer, y por eso estamos dispuestos a dialogar para poder acordar lo mejor\u201d, expres\u00f3 ante la prensa &nbsp; &nbsp; &nbsp; &nbsp; &nbsp; &nbsp; &nbsp; Junto al intendente de&#8230;<\/p>\n","protected":false},"author":3,"featured_media":5382,"comment_status":"closed","ping_status":"closed","sticky":false,"template":"","format":"standard","meta":[],"categories":[15],"tags":[],"_links":{"self":[{"href":"https:\/\/www.actualidadadiario.com\/index.php\/wp-json\/wp\/v2\/posts\/5381"}],"collection":[{"href":"https:\/\/www.actualidadadiario.com\/index.php\/wp-json\/wp\/v2\/posts"}],"about":[{"href":"https:\/\/www.actualidadadiario.com\/index.php\/wp-json\/wp\/v2\/types\/post"}],"author":[{"embeddable":true,"href":"https:\/\/www.actualidadadiario.com\/index.php\/wp-json\/wp\/v2\/users\/3"}],"replies":[{"embeddable":true,"href":"https:\/\/www.actualidadadiario.com\/index.php\/wp-json\/wp\/v2\/comments?post=5381"}],"version-history":[{"count":1,"href":"https:\/\/www.actualidadadiario.com\/index.php\/wp-json\/wp\/v2\/posts\/5381\/revisions"}],"predecessor-version":[{"id":5383,"href":"https:\/\/www.actualidadadiario.com\/index.php\/wp-json\/wp\/v2\/posts\/5381\/revisions\/5383"}],"wp:featuredmedia":[{"embeddable":true,"href":"https:\/\/www.actualidadadiario.com\/index.php\/wp-json\/wp\/v2\/media\/5382"}],"wp:attachment":[{"href":"https:\/\/www.actualidadadiario.com\/index.php\/wp-json\/wp\/v2\/media?parent=5381"}],"wp:term":[{"taxonomy":"category","embeddable":true,"href":"https:\/\/www.actualidadadiario.com\/index.php\/wp-json\/wp\/v2\/categories?post=5381"},{"taxonomy":"post_tag","embeddable":true,"href":"https:\/\/www.actualidadadiario.com\/index.php\/wp-json\/wp\/v2\/tags?post=5381"}],"curies":[{"name":"wp","href":"https:\/\/api.w.org\/{rel}","templated":true}]}}