{"id":5375,"date":"2016-12-05T10:31:40","date_gmt":"2016-12-05T13:31:40","guid":{"rendered":"http:\/\/actualidadadiario.com\/site\/?p=5375"},"modified":"2016-12-05T10:31:40","modified_gmt":"2016-12-05T13:31:40","slug":"viviani-la-cgt-se-dejo-mojar-la-oreja-por-el-gobierno","status":"publish","type":"post","link":"https:\/\/www.actualidadadiario.com\/index.php\/2016\/12\/05\/viviani-la-cgt-se-dejo-mojar-la-oreja-por-el-gobierno\/","title":{"rendered":"Viviani: &#8220;La CGT se dej\u00f3 mojar la oreja por el Gobierno&#8221;"},"content":{"rendered":"<p><em><strong>&#8220;Es lamentable que los compa\u00f1eros de la CGT se dejen mojar la oreja por el Gobierno&#8221;, el autor de esta frase fue el Secretario General de del Sindicato de Peones de Taxis, Omar Viviani, quien marc\u00f3 a las claras sus diferencias con la CGT reunificada<\/strong><\/em><\/p>\n<p>&nbsp;<\/p>\n<p>&nbsp;<\/p>\n<p>&nbsp;<\/p>\n<p>&nbsp;<\/p>\n<p>&nbsp;<\/p>\n<p>&nbsp;<\/p>\n<p>&nbsp;<\/p>\n<p>Viviani, titular del MASA (Movimiento de Acci\u00f3n Sindical Argentino), se\u00f1al\u00f3 &#8220;que la CGT deb\u00eda tener un programa pero fuimos ninguneados. Resolvimos no participar de la unificaci\u00f3n de la CGT porque tem\u00edamos que pasara esto&#8221;. &#8220;La CGT no est\u00e1 dando respuesta a la situaci\u00f3n que est\u00e1n atravesando los trabajadores&#8221;, sostuvo.<\/p>\n<p>&nbsp;<\/p>\n<p>Durante la entrevista critic\u00f3 la inacci\u00f3n por parte de la nueva conducci\u00f3n de la Central obrera, en cuanto a la falta de respuestas a los reclamos salariales y el incremento de desocupaci\u00f3n que afecta a los trabajadores. &#8220;Con respecto al acuerdo firmado entre empresarios y sindicalistas, creo que es lamentable que los compa\u00f1eros de la CGT se dejen tomar el pelo de esta forma por el gobierno&#8221;, afirm\u00f3 el l\u00edder de taxistas.<\/p>\n<p>&nbsp;<\/p>\n<p>Al ser consultado por las se\u00f1alas poco claras del Ejecutivo, en cuanto a la reactivaci\u00f3n del consumo, la industria y los problemas que atraviesa el trabajador, Viviani aclar\u00f3 que &#8220;lo primero que debe tener un gobierno es sensibilidad social. Los empresarios tampoco han asumido una responsabilidad social. El Presidente les ha brindado todo lo que los empresarios quer\u00edan y sin embargo siguen con esta actitud&#8221;.<\/p>\n<p>&nbsp;<\/p>\n<p>Al respecto, indic\u00f3 que desde la CGT &#8220;asumieron una responsabilidad. La historia ser\u00e1 la que apruebe o desapruebe c\u00f3mo se han manejado&#8221;.<\/p>\n<p>&nbsp;<\/p>\n<p>En medio de este contexto, explic\u00f3 que la situaci\u00f3n por la que atraviesa el sindicato de peones de taxis, no es la mejor. &#8220;Nuestra actividad est\u00e1 al borde de la quiebra, hay una baja considerable en los salarios de nuestros trabajadores&#8221;, concluy\u00f3.<\/p>\n","protected":false},"excerpt":{"rendered":"<p>&#8220;Es lamentable que los compa\u00f1eros de la CGT se dejen mojar la oreja por el Gobierno&#8221;, el autor de esta frase fue el Secretario General de del Sindicato de Peones de Taxis, Omar Viviani, quien marc\u00f3 a las claras sus diferencias con la CGT reunificada &nbsp; &nbsp; &nbsp; &nbsp; &nbsp; &nbsp; &nbsp; Viviani, titular del MASA (Movimiento de Acci\u00f3n Sindical Argentino), se\u00f1al\u00f3 &#8220;que la CGT deb\u00eda tener un programa pero fuimos ninguneados. Resolvimos no participar de la unificaci\u00f3n de la CGT porque tem\u00edamos que pasara esto&#8221;. &#8220;La CGT no est\u00e1&#8230;<\/p>\n","protected":false},"author":3,"featured_media":5376,"comment_status":"closed","ping_status":"closed","sticky":false,"template":"","format":"standard","meta":[],"categories":[18],"tags":[],"_links":{"self":[{"href":"https:\/\/www.actualidadadiario.com\/index.php\/wp-json\/wp\/v2\/posts\/5375"}],"collection":[{"href":"https:\/\/www.actualidadadiario.com\/index.php\/wp-json\/wp\/v2\/posts"}],"about":[{"href":"https:\/\/www.actualidadadiario.com\/index.php\/wp-json\/wp\/v2\/types\/post"}],"author":[{"embeddable":true,"href":"https:\/\/www.actualidadadiario.com\/index.php\/wp-json\/wp\/v2\/users\/3"}],"replies":[{"embeddable":true,"href":"https:\/\/www.actualidadadiario.com\/index.php\/wp-json\/wp\/v2\/comments?post=5375"}],"version-history":[{"count":1,"href":"https:\/\/www.actualidadadiario.com\/index.php\/wp-json\/wp\/v2\/posts\/5375\/revisions"}],"predecessor-version":[{"id":5377,"href":"https:\/\/www.actualidadadiario.com\/index.php\/wp-json\/wp\/v2\/posts\/5375\/revisions\/5377"}],"wp:featuredmedia":[{"embeddable":true,"href":"https:\/\/www.actualidadadiario.com\/index.php\/wp-json\/wp\/v2\/media\/5376"}],"wp:attachment":[{"href":"https:\/\/www.actualidadadiario.com\/index.php\/wp-json\/wp\/v2\/media?parent=5375"}],"wp:term":[{"taxonomy":"category","embeddable":true,"href":"https:\/\/www.actualidadadiario.com\/index.php\/wp-json\/wp\/v2\/categories?post=5375"},{"taxonomy":"post_tag","embeddable":true,"href":"https:\/\/www.actualidadadiario.com\/index.php\/wp-json\/wp\/v2\/tags?post=5375"}],"curies":[{"name":"wp","href":"https:\/\/api.w.org\/{rel}","templated":true}]}}