{"id":5370,"date":"2016-12-05T10:26:31","date_gmt":"2016-12-05T13:26:31","guid":{"rendered":"http:\/\/actualidadadiario.com\/site\/?p=5370"},"modified":"2016-12-05T10:28:33","modified_gmt":"2016-12-05T13:28:33","slug":"el-gobierno-confirmo-que-tiene-en-la-mira-a-grupos-de-facebook-por-posibles-saqueos","status":"publish","type":"post","link":"https:\/\/www.actualidadadiario.com\/index.php\/2016\/12\/05\/el-gobierno-confirmo-que-tiene-en-la-mira-a-grupos-de-facebook-por-posibles-saqueos\/","title":{"rendered":"El Gobierno confirm\u00f3 que tiene en la mira a grupos de Facebook por posibles saqueos"},"content":{"rendered":"<p><em><strong>La ministra de Seguridad, Patricia Bullrich, reconoce que vigilar\u00e1n lo que pase en las redes sociales por posibles disturbios<\/strong><\/em><\/p>\n<p>&nbsp;<\/p>\n<p>&nbsp;<\/p>\n<p>&nbsp;<\/p>\n<p>&nbsp;<\/p>\n<p>&nbsp;<\/p>\n<p>&nbsp;<\/p>\n<p>La ministra de Seguridad, Patricia Bullrich, anunci\u00f3 que est\u00e1n monitoreando las redes sociales ante el temor de posibles saqueos en un diciembre caliente. La funcionaria, que estuvo en el retiro espiritual de Chapadmalal con todo el gabinete nacional, se\u00f1al\u00f3 a &#8220;grupos de Facebook&#8221; que pretenden, seg\u00fan su entender, &#8220;provocar caos&#8221;.<\/p>\n<p>&nbsp;<\/p>\n<p>Ins\u00f3litamente, Bullrich consider\u00f3 que la gente &#8220;est\u00e1 mejor&#8221; en comparaci\u00f3n con el a\u00f1o anterior porque &#8220;el Presidente evit\u00f3 una Venezuela&#8221;. Por ese motivo, vaticin\u00f3 que se vivir\u00e1 un diciembre &#8220;re tranquilo&#8221;.<\/p>\n<p>&nbsp;<\/p>\n<p>En di\u00e1logo con radio La Red, la ministra de Seguridad dijo que hay sectores &#8220;que van a provocar caos&#8221; y se\u00f1al\u00f3 a &#8220;grupos de Facebook\u201d. &#8220;Vamos a actuar sobre ellos&#8221;, a\u00f1adi\u00f3.<\/p>\n<p>&nbsp;<\/p>\n<p>Efectivamente, hay grupos de Facebook &#8220;llamando&#8221; a saquear en diciembre, pero son en realidad una broma pesada. Los mismos est\u00e1n llenos de memes que se burlan del 15o aniversario de los hechos que provocaron la ca\u00edda de Fernando De la Rua.<\/p>\n","protected":false},"excerpt":{"rendered":"<p>La ministra de Seguridad, Patricia Bullrich, reconoce que vigilar\u00e1n lo que pase en las redes sociales por posibles disturbios &nbsp; &nbsp; &nbsp; &nbsp; &nbsp; &nbsp; La ministra de Seguridad, Patricia Bullrich, anunci\u00f3 que est\u00e1n monitoreando las redes sociales ante el temor de posibles saqueos en un diciembre caliente. La funcionaria, que estuvo en el retiro espiritual de Chapadmalal con todo el gabinete nacional, se\u00f1al\u00f3 a &#8220;grupos de Facebook&#8221; que pretenden, seg\u00fan su entender, &#8220;provocar caos&#8221;. &nbsp; Ins\u00f3litamente, Bullrich consider\u00f3 que la gente &#8220;est\u00e1 mejor&#8221; en comparaci\u00f3n con el a\u00f1o anterior&#8230;<\/p>\n","protected":false},"author":3,"featured_media":5374,"comment_status":"closed","ping_status":"closed","sticky":false,"template":"","format":"standard","meta":[],"categories":[2],"tags":[],"_links":{"self":[{"href":"https:\/\/www.actualidadadiario.com\/index.php\/wp-json\/wp\/v2\/posts\/5370"}],"collection":[{"href":"https:\/\/www.actualidadadiario.com\/index.php\/wp-json\/wp\/v2\/posts"}],"about":[{"href":"https:\/\/www.actualidadadiario.com\/index.php\/wp-json\/wp\/v2\/types\/post"}],"author":[{"embeddable":true,"href":"https:\/\/www.actualidadadiario.com\/index.php\/wp-json\/wp\/v2\/users\/3"}],"replies":[{"embeddable":true,"href":"https:\/\/www.actualidadadiario.com\/index.php\/wp-json\/wp\/v2\/comments?post=5370"}],"version-history":[{"count":1,"href":"https:\/\/www.actualidadadiario.com\/index.php\/wp-json\/wp\/v2\/posts\/5370\/revisions"}],"predecessor-version":[{"id":5372,"href":"https:\/\/www.actualidadadiario.com\/index.php\/wp-json\/wp\/v2\/posts\/5370\/revisions\/5372"}],"wp:featuredmedia":[{"embeddable":true,"href":"https:\/\/www.actualidadadiario.com\/index.php\/wp-json\/wp\/v2\/media\/5374"}],"wp:attachment":[{"href":"https:\/\/www.actualidadadiario.com\/index.php\/wp-json\/wp\/v2\/media?parent=5370"}],"wp:term":[{"taxonomy":"category","embeddable":true,"href":"https:\/\/www.actualidadadiario.com\/index.php\/wp-json\/wp\/v2\/categories?post=5370"},{"taxonomy":"post_tag","embeddable":true,"href":"https:\/\/www.actualidadadiario.com\/index.php\/wp-json\/wp\/v2\/tags?post=5370"}],"curies":[{"name":"wp","href":"https:\/\/api.w.org\/{rel}","templated":true}]}}