{"id":5367,"date":"2016-12-05T10:23:43","date_gmt":"2016-12-05T13:23:43","guid":{"rendered":"http:\/\/actualidadadiario.com\/site\/?p=5367"},"modified":"2016-12-05T10:23:43","modified_gmt":"2016-12-05T13:23:43","slug":"prat-gay-afirmo-que-el-dolar-no-es-una-preocupacion","status":"publish","type":"post","link":"https:\/\/www.actualidadadiario.com\/index.php\/2016\/12\/05\/prat-gay-afirmo-que-el-dolar-no-es-una-preocupacion\/","title":{"rendered":"Prat Gay afirm\u00f3 que el d\u00f3lar &#8220;no es una preocupaci\u00f3n&#8221;"},"content":{"rendered":"<p><em><strong>El ministro de Hacienda, Alfonso Prat Gay, afirm\u00f3 que la suba que registr\u00f3 el d\u00f3lar &#8220;no&#8221; es tema de preocupaci\u00f3n del Gobierno en el marco de un &#8220;r\u00e9gimen de flotaci\u00f3n&#8221;, y destac\u00f3 que el a\u00f1o termina con un nivel de inflaci\u00f3n mensual del orden del 1,5 por ciento<\/strong><\/em><\/p>\n<p>&nbsp;<\/p>\n<p>&nbsp;<\/p>\n<p>&nbsp;<\/p>\n<p>&nbsp;<\/p>\n<p>&nbsp;<\/p>\n<p>&nbsp;<\/p>\n<p>&nbsp;<\/p>\n<p>&nbsp;<\/p>\n<p>&nbsp;<\/p>\n<p>Sobre la suba de la divisa estadounidense, Prat Gay dijo &#8220;no nos preocupa&#8221; y dijo que &#8220;me r\u00edo con respeto&#8221; porque &#8220;hace una semana&#8221; se hablaba sobre el atraso del &#8220;tipo de cambio&#8221;, al destacar que con el r\u00e9gimen de flotaci\u00f3n cambiaria el &#8220;puede subir o bajar&#8221;.<\/p>\n<p>&nbsp;<\/p>\n<p>Prat Gay se expres\u00f3 de este modo durante una conferencia de prensa conjunta que ofreci\u00f3 junto a los ministros de Interior, Rogelio Frigerio, y de Seguridad, Patricia Bullrich, en la Unidad 1 del Complejo Tur\u00edstico de Chapadmalal en el marco de la Jornada de Trabajo del Gabinete Nacional que encabeza el presidente Mauricio Macri.<\/p>\n<p>&nbsp;<\/p>\n<p>Si bien desestim\u00f3 preocupaci\u00f3n por el incremento del d\u00f3lar, el ministro confirm\u00f3 que en la cena que Macri comparti\u00f3 anoche con los funcionarios &#8220;se habl\u00f3 del tipo de cambio&#8221;.<\/p>\n<p>Adem\u00e1s, dijo: &#8220;hace una semana que se hablaba si el tipo de cambio estaba atrasado o no&#8221;, y aclar\u00f3 &#8220;no nos preocupa porque en un r\u00e9gimen de flotaci\u00f3n cambiaria puede subir o bajar&#8221;, y actuar como &#8220;amortiguador&#8221;.<\/p>\n<p>&nbsp;<\/p>\n<p>Por otra parte, destac\u00f3 que &#8220;hay un buen registro&#8221; en el n\u00famero de la recaudaci\u00f3n registrada en noviembre.<\/p>\n","protected":false},"excerpt":{"rendered":"<p>El ministro de Hacienda, Alfonso Prat Gay, afirm\u00f3 que la suba que registr\u00f3 el d\u00f3lar &#8220;no&#8221; es tema de preocupaci\u00f3n del Gobierno en el marco de un &#8220;r\u00e9gimen de flotaci\u00f3n&#8221;, y destac\u00f3 que el a\u00f1o termina con un nivel de inflaci\u00f3n mensual del orden del 1,5 por ciento &nbsp; &nbsp; &nbsp; &nbsp; &nbsp; &nbsp; &nbsp; &nbsp; &nbsp; Sobre la suba de la divisa estadounidense, Prat Gay dijo &#8220;no nos preocupa&#8221; y dijo que &#8220;me r\u00edo con respeto&#8221; porque &#8220;hace una semana&#8221; se hablaba sobre el atraso del &#8220;tipo de cambio&#8221;,&#8230;<\/p>\n","protected":false},"author":3,"featured_media":5368,"comment_status":"closed","ping_status":"closed","sticky":false,"template":"","format":"standard","meta":[],"categories":[18],"tags":[],"_links":{"self":[{"href":"https:\/\/www.actualidadadiario.com\/index.php\/wp-json\/wp\/v2\/posts\/5367"}],"collection":[{"href":"https:\/\/www.actualidadadiario.com\/index.php\/wp-json\/wp\/v2\/posts"}],"about":[{"href":"https:\/\/www.actualidadadiario.com\/index.php\/wp-json\/wp\/v2\/types\/post"}],"author":[{"embeddable":true,"href":"https:\/\/www.actualidadadiario.com\/index.php\/wp-json\/wp\/v2\/users\/3"}],"replies":[{"embeddable":true,"href":"https:\/\/www.actualidadadiario.com\/index.php\/wp-json\/wp\/v2\/comments?post=5367"}],"version-history":[{"count":1,"href":"https:\/\/www.actualidadadiario.com\/index.php\/wp-json\/wp\/v2\/posts\/5367\/revisions"}],"predecessor-version":[{"id":5369,"href":"https:\/\/www.actualidadadiario.com\/index.php\/wp-json\/wp\/v2\/posts\/5367\/revisions\/5369"}],"wp:featuredmedia":[{"embeddable":true,"href":"https:\/\/www.actualidadadiario.com\/index.php\/wp-json\/wp\/v2\/media\/5368"}],"wp:attachment":[{"href":"https:\/\/www.actualidadadiario.com\/index.php\/wp-json\/wp\/v2\/media?parent=5367"}],"wp:term":[{"taxonomy":"category","embeddable":true,"href":"https:\/\/www.actualidadadiario.com\/index.php\/wp-json\/wp\/v2\/categories?post=5367"},{"taxonomy":"post_tag","embeddable":true,"href":"https:\/\/www.actualidadadiario.com\/index.php\/wp-json\/wp\/v2\/tags?post=5367"}],"curies":[{"name":"wp","href":"https:\/\/api.w.org\/{rel}","templated":true}]}}