{"id":5364,"date":"2016-12-05T10:22:51","date_gmt":"2016-12-05T13:22:51","guid":{"rendered":"http:\/\/actualidadadiario.com\/site\/?p=5364"},"modified":"2016-12-05T10:22:51","modified_gmt":"2016-12-05T13:22:51","slug":"bancarios-realizaran-hoy-paro-de-tres-horas-por-reclamo-salarial","status":"publish","type":"post","link":"https:\/\/www.actualidadadiario.com\/index.php\/2016\/12\/05\/bancarios-realizaran-hoy-paro-de-tres-horas-por-reclamo-salarial\/","title":{"rendered":"Bancarios realizar\u00e1n hoy paro de tres horas por reclamo salarial"},"content":{"rendered":"<p><em><strong>Empleados bancarios realizar\u00e1n este lunes un paro en las \u00faltimas tres horas de atenci\u00f3n al p\u00fablico en reclamo de la homologaci\u00f3n del acuerdo firmado entre el gremio y las c\u00e1maras empresarias por una compensaci\u00f3n salarial para este a\u00f1o<\/strong><\/em><\/p>\n<p>&nbsp;<\/p>\n<p>&nbsp;<\/p>\n<p>&nbsp;<\/p>\n<p>&nbsp;<\/p>\n<p>&nbsp;<\/p>\n<p>&nbsp;<\/p>\n<p>&nbsp;<\/p>\n<p>El secretario general de la Asociaci\u00f3n Bancaria, Sergio Palazzo, argument\u00f3 que se deb\u00eda firmar el acuerdo en el Ministerio de Trabajo, &#8220;pero el ministro cedi\u00f3 a las presiones de los bancos internacionales y suspendi\u00f3 la audiencia&#8221;.<\/p>\n<p>&nbsp;<\/p>\n<p>En ese sentido, indic\u00f3: &#8220;Nos dicen que la suspensi\u00f3n es por un problema de agenda, pero no hay fecha para volver hacer otra audiencia&#8221;.<\/p>\n<p>&nbsp;<\/p>\n<p>Palazzo critic\u00f3 duramente al Gobierno y tild\u00f3 a los funcionarios de &#8220;mentirosos y caraduras&#8221;, por entender que &#8220;nadie les puede creer que los \u00edndices inflacionarios ser\u00e1n mejor en 2017&#8221;.<\/p>\n<p>&nbsp;<\/p>\n<p>Es que la Asociaci\u00f3n Bancaria hab\u00eda pautado con las c\u00e1maras de bancos p\u00fablicos y privados una compensaci\u00f3n salarial para este a\u00f1o a causa del impacto inflacionario y la apertura de la paritaria 2017 con sumas a cuenta.<\/p>\n<p>&nbsp;<\/p>\n<p>El sindicato hab\u00eda alcanzado el entendimiento luego de una serie de huelgas que hab\u00edan afectado de manera parcial y total la atenci\u00f3n al p\u00fablico en las entidades financieras.<\/p>\n<p>&nbsp;<\/p>\n<p>El acuerdo implicaba una suma no remunerativa para este a\u00f1o, que se iba a abonar el 31 de diciembre.<\/p>\n<p>&nbsp;<\/p>\n<p>Se trataba de un monto de $ 8.000 para los sueldos que hayan alcanzado un promedio de $ 25.000 durante 2016.<\/p>\n<p>&nbsp;<\/p>\n<p>Seg\u00fan el acuerdo, los bancos p\u00fablicos y privados deb\u00edan pagar $ 10.000 a los trabajadores cuyos salarios se hab\u00edan ubicado en promedio entre 25.000 y 35.000; mientras iban a cobrar $ 12.000 quienes tuvieran salarios superiores.<\/p>\n<p>&nbsp;<\/p>\n<p>La Asociaci\u00f3n Bancaria tambi\u00e9n hab\u00eda se\u00f1alado que lo pautado contemplaba un anticipo mensual para enero, febrero, marzo y abril que se integrar\u00eda con una suma fija de $ 2.000, a lo que, a su vez, se adicionar\u00e1 un 10 por ciento de todas las remuneraciones.<\/p>\n","protected":false},"excerpt":{"rendered":"<p>Empleados bancarios realizar\u00e1n este lunes un paro en las \u00faltimas tres horas de atenci\u00f3n al p\u00fablico en reclamo de la homologaci\u00f3n del acuerdo firmado entre el gremio y las c\u00e1maras empresarias por una compensaci\u00f3n salarial para este a\u00f1o &nbsp; &nbsp; &nbsp; &nbsp; &nbsp; &nbsp; &nbsp; El secretario general de la Asociaci\u00f3n Bancaria, Sergio Palazzo, argument\u00f3 que se deb\u00eda firmar el acuerdo en el Ministerio de Trabajo, &#8220;pero el ministro cedi\u00f3 a las presiones de los bancos internacionales y suspendi\u00f3 la audiencia&#8221;. &nbsp; En ese sentido, indic\u00f3: &#8220;Nos dicen que la&#8230;<\/p>\n","protected":false},"author":3,"featured_media":5365,"comment_status":"closed","ping_status":"closed","sticky":false,"template":"","format":"standard","meta":[],"categories":[18],"tags":[],"_links":{"self":[{"href":"https:\/\/www.actualidadadiario.com\/index.php\/wp-json\/wp\/v2\/posts\/5364"}],"collection":[{"href":"https:\/\/www.actualidadadiario.com\/index.php\/wp-json\/wp\/v2\/posts"}],"about":[{"href":"https:\/\/www.actualidadadiario.com\/index.php\/wp-json\/wp\/v2\/types\/post"}],"author":[{"embeddable":true,"href":"https:\/\/www.actualidadadiario.com\/index.php\/wp-json\/wp\/v2\/users\/3"}],"replies":[{"embeddable":true,"href":"https:\/\/www.actualidadadiario.com\/index.php\/wp-json\/wp\/v2\/comments?post=5364"}],"version-history":[{"count":1,"href":"https:\/\/www.actualidadadiario.com\/index.php\/wp-json\/wp\/v2\/posts\/5364\/revisions"}],"predecessor-version":[{"id":5366,"href":"https:\/\/www.actualidadadiario.com\/index.php\/wp-json\/wp\/v2\/posts\/5364\/revisions\/5366"}],"wp:featuredmedia":[{"embeddable":true,"href":"https:\/\/www.actualidadadiario.com\/index.php\/wp-json\/wp\/v2\/media\/5365"}],"wp:attachment":[{"href":"https:\/\/www.actualidadadiario.com\/index.php\/wp-json\/wp\/v2\/media?parent=5364"}],"wp:term":[{"taxonomy":"category","embeddable":true,"href":"https:\/\/www.actualidadadiario.com\/index.php\/wp-json\/wp\/v2\/categories?post=5364"},{"taxonomy":"post_tag","embeddable":true,"href":"https:\/\/www.actualidadadiario.com\/index.php\/wp-json\/wp\/v2\/tags?post=5364"}],"curies":[{"name":"wp","href":"https:\/\/api.w.org\/{rel}","templated":true}]}}