{"id":5358,"date":"2016-12-05T10:21:11","date_gmt":"2016-12-05T13:21:11","guid":{"rendered":"http:\/\/actualidadadiario.com\/site\/?p=5358"},"modified":"2016-12-05T10:21:11","modified_gmt":"2016-12-05T13:21:11","slug":"tras-el-retiro-en-chapadmalal-macri-retoma-agenda-con-el-gabinete","status":"publish","type":"post","link":"https:\/\/www.actualidadadiario.com\/index.php\/2016\/12\/05\/tras-el-retiro-en-chapadmalal-macri-retoma-agenda-con-el-gabinete\/","title":{"rendered":"Tras el retiro en Chapadmalal, Macri retoma agenda con el Gabinete"},"content":{"rendered":"<p><em><strong>El presidente Mauricio Macri retomar\u00e1 este lunes su actividad en Casa de Gobierno con reuniones de seguimiento de gesti\u00f3n de diferentes ministerios, tras el retiro de trabajo realizado junto a su gabinete entre el jueves y el s\u00e1bado en el complejo tur\u00edstico bonaerense de Chapadmalal<\/strong><\/em><\/p>\n<p>&nbsp;<\/p>\n<p>&nbsp;<\/p>\n<p>&nbsp;<\/p>\n<p>&nbsp;<\/p>\n<p>&nbsp;<\/p>\n<p>Macri iniciar\u00e1 su actividad a las 10.30 con una reuni\u00f3n de coordinaci\u00f3n de gobierno con su mesa chica, de la que generalmente participa la vicepresidenta Gabriela Michetti; el jefe de gabinete, Marcos Pe\u00f1a, y los vicejefes Mario Quintana y Gustavo Lopetegui.<\/p>\n<p>&nbsp;<\/p>\n<p>El jefe de Estado analizar\u00e1 con sus funcionarios, como tema principal, la marcha en Diputados del proyecto oficialista de Ganancias, que hasta el fin de semana no reun\u00eda los votos necesarios para ser aprobado por la C\u00e1mara baja, inform\u00f3 una fuente gubernamental a T\u00e9lam.<\/p>\n<p>&nbsp;<\/p>\n<p>Una hora m\u00e1s tarde el Presidente tendr\u00e1 su primera reuni\u00f3n de seguimiento de gesti\u00f3n con Miguel Guti\u00e9rrez, titular de la petrolera estatal YPF; a las 15 seguir\u00e1 con el Ministerio de Ambiente y Desarrollo Sustentable, a cargo del rabino Sergio Bergman, y a las 16.15 recibir\u00e1 en su despacho a la ministra de Desarrollo Social, Carolina Stanley.<\/p>\n","protected":false},"excerpt":{"rendered":"<p>El presidente Mauricio Macri retomar\u00e1 este lunes su actividad en Casa de Gobierno con reuniones de seguimiento de gesti\u00f3n de diferentes ministerios, tras el retiro de trabajo realizado junto a su gabinete entre el jueves y el s\u00e1bado en el complejo tur\u00edstico bonaerense de Chapadmalal &nbsp; &nbsp; &nbsp; &nbsp; &nbsp; Macri iniciar\u00e1 su actividad a las 10.30 con una reuni\u00f3n de coordinaci\u00f3n de gobierno con su mesa chica, de la que generalmente participa la vicepresidenta Gabriela Michetti; el jefe de gabinete, Marcos Pe\u00f1a, y los vicejefes Mario Quintana y Gustavo&#8230;<\/p>\n","protected":false},"author":3,"featured_media":5359,"comment_status":"closed","ping_status":"closed","sticky":false,"template":"","format":"standard","meta":[],"categories":[2],"tags":[],"_links":{"self":[{"href":"https:\/\/www.actualidadadiario.com\/index.php\/wp-json\/wp\/v2\/posts\/5358"}],"collection":[{"href":"https:\/\/www.actualidadadiario.com\/index.php\/wp-json\/wp\/v2\/posts"}],"about":[{"href":"https:\/\/www.actualidadadiario.com\/index.php\/wp-json\/wp\/v2\/types\/post"}],"author":[{"embeddable":true,"href":"https:\/\/www.actualidadadiario.com\/index.php\/wp-json\/wp\/v2\/users\/3"}],"replies":[{"embeddable":true,"href":"https:\/\/www.actualidadadiario.com\/index.php\/wp-json\/wp\/v2\/comments?post=5358"}],"version-history":[{"count":1,"href":"https:\/\/www.actualidadadiario.com\/index.php\/wp-json\/wp\/v2\/posts\/5358\/revisions"}],"predecessor-version":[{"id":5360,"href":"https:\/\/www.actualidadadiario.com\/index.php\/wp-json\/wp\/v2\/posts\/5358\/revisions\/5360"}],"wp:featuredmedia":[{"embeddable":true,"href":"https:\/\/www.actualidadadiario.com\/index.php\/wp-json\/wp\/v2\/media\/5359"}],"wp:attachment":[{"href":"https:\/\/www.actualidadadiario.com\/index.php\/wp-json\/wp\/v2\/media?parent=5358"}],"wp:term":[{"taxonomy":"category","embeddable":true,"href":"https:\/\/www.actualidadadiario.com\/index.php\/wp-json\/wp\/v2\/categories?post=5358"},{"taxonomy":"post_tag","embeddable":true,"href":"https:\/\/www.actualidadadiario.com\/index.php\/wp-json\/wp\/v2\/tags?post=5358"}],"curies":[{"name":"wp","href":"https:\/\/api.w.org\/{rel}","templated":true}]}}