{"id":5355,"date":"2016-12-05T10:20:16","date_gmt":"2016-12-05T13:20:16","guid":{"rendered":"http:\/\/actualidadadiario.com\/site\/?p=5355"},"modified":"2016-12-05T10:20:16","modified_gmt":"2016-12-05T13:20:16","slug":"el-43-de-los-argentinos-desaprueba-el-primer-ano-de-gestion-de-macri","status":"publish","type":"post","link":"https:\/\/www.actualidadadiario.com\/index.php\/2016\/12\/05\/el-43-de-los-argentinos-desaprueba-el-primer-ano-de-gestion-de-macri\/","title":{"rendered":"El 43% de los argentinos desaprueba el primer a\u00f1o de gesti\u00f3n de Macri"},"content":{"rendered":"<p><em><strong>Seg\u00fan una encuesta de Management &amp; Fit realizada sobre unas 2.000 personas, el 43,1% de los encuestados considera que el primer a\u00f1o de gesti\u00f3n del presidente Mauricio Macri fue negativa o muy negativa, mientras que el 25,9 % la encontr\u00f3 positiva o muy positiva. Adem\u00e1s, m\u00e1s de la mitad de los encuestados, el 51,6%, considera que el mandatario no est\u00e1 cumpliendo con sus promesas de campa\u00f1a<\/strong><\/em><\/p>\n<p>&nbsp;<\/p>\n<p>&nbsp;<\/p>\n<p>&nbsp;<\/p>\n<p>&nbsp;<\/p>\n<p>&nbsp;<\/p>\n<p>&nbsp;<\/p>\n<p>&nbsp;<\/p>\n<p>El estudio, publicado este domingo en el diario Clar\u00edn, se\u00f1ala adem\u00e1s que en cuanto a las decisiones tomadas, la reparaci\u00f3n hist\u00f3rica a jubilados est\u00e1 al tope del ranking de aceptaci\u00f3n con un 22,4% de apoyo, seguida por la ampliaci\u00f3n de la Asignaci\u00f3n Universal por Hijo, con un 13,8% y la baja en los subsidios con un 10,7%.<\/p>\n<p>&nbsp;<\/p>\n<p>La lista de medidas m\u00e1s rechazadas es encabezada por la baja de los subsidios con un 20,2%, seguida por el acuerdo con los fondos buitre, con un 15,8% y la ampliaci\u00f3n de la AUH con un 9,6%.<\/p>\n<p>&nbsp;<\/p>\n<p>Adem\u00e1s, el 51,6% de los encuestados se\u00f1al\u00f3 que el Presidente no cumple con sus promesas de campa\u00f1a, contra un 34,4% que considera que lo hace pero de modo parcial. S\u00f3lo el 7,3% de los encuestados cree que Macri cumple sus promesas. Dentro de las razones, se baraja que el mandatario no tiene intenci\u00f3n de cumplirlas (32%), no sabe c\u00f3mo cumplirlas (27,4%), no tuvo tiempo para cumplirlas (24,25).<\/p>\n<p>&nbsp;<\/p>\n<p>La percepci\u00f3n sobre el futuro y las expectativas se ha modificado. Si en la primera etapa del mandato se manten\u00eda una visi\u00f3n optimista respecto del futuro, ahora los n\u00fameros no acompa\u00f1an. Seg\u00fan la encuesta, el 40,3 % sostiene que la situaci\u00f3n econ\u00f3mica del pa\u00eds estar\u00e1 peor o mucho peor &#8220;en los pr\u00f3ximos meses&#8221;, mientras que el 34,9 % sostiene que va a mejorar y el 14,9 % considera que seguir\u00e1 todo &#8220;igual&#8221;.<\/p>\n","protected":false},"excerpt":{"rendered":"<p>Seg\u00fan una encuesta de Management &amp; Fit realizada sobre unas 2.000 personas, el 43,1% de los encuestados considera que el primer a\u00f1o de gesti\u00f3n del presidente Mauricio Macri fue negativa o muy negativa, mientras que el 25,9 % la encontr\u00f3 positiva o muy positiva. Adem\u00e1s, m\u00e1s de la mitad de los encuestados, el 51,6%, considera que el mandatario no est\u00e1 cumpliendo con sus promesas de campa\u00f1a &nbsp; &nbsp; &nbsp; &nbsp; &nbsp; &nbsp; &nbsp; El estudio, publicado este domingo en el diario Clar\u00edn, se\u00f1ala adem\u00e1s que en cuanto a las decisiones&#8230;<\/p>\n","protected":false},"author":3,"featured_media":5356,"comment_status":"closed","ping_status":"closed","sticky":false,"template":"","format":"standard","meta":[],"categories":[18],"tags":[],"_links":{"self":[{"href":"https:\/\/www.actualidadadiario.com\/index.php\/wp-json\/wp\/v2\/posts\/5355"}],"collection":[{"href":"https:\/\/www.actualidadadiario.com\/index.php\/wp-json\/wp\/v2\/posts"}],"about":[{"href":"https:\/\/www.actualidadadiario.com\/index.php\/wp-json\/wp\/v2\/types\/post"}],"author":[{"embeddable":true,"href":"https:\/\/www.actualidadadiario.com\/index.php\/wp-json\/wp\/v2\/users\/3"}],"replies":[{"embeddable":true,"href":"https:\/\/www.actualidadadiario.com\/index.php\/wp-json\/wp\/v2\/comments?post=5355"}],"version-history":[{"count":1,"href":"https:\/\/www.actualidadadiario.com\/index.php\/wp-json\/wp\/v2\/posts\/5355\/revisions"}],"predecessor-version":[{"id":5357,"href":"https:\/\/www.actualidadadiario.com\/index.php\/wp-json\/wp\/v2\/posts\/5355\/revisions\/5357"}],"wp:featuredmedia":[{"embeddable":true,"href":"https:\/\/www.actualidadadiario.com\/index.php\/wp-json\/wp\/v2\/media\/5356"}],"wp:attachment":[{"href":"https:\/\/www.actualidadadiario.com\/index.php\/wp-json\/wp\/v2\/media?parent=5355"}],"wp:term":[{"taxonomy":"category","embeddable":true,"href":"https:\/\/www.actualidadadiario.com\/index.php\/wp-json\/wp\/v2\/categories?post=5355"},{"taxonomy":"post_tag","embeddable":true,"href":"https:\/\/www.actualidadadiario.com\/index.php\/wp-json\/wp\/v2\/tags?post=5355"}],"curies":[{"name":"wp","href":"https:\/\/api.w.org\/{rel}","templated":true}]}}