{"id":53520,"date":"2019-11-04T10:19:06","date_gmt":"2019-11-04T13:19:06","guid":{"rendered":"https:\/\/www.actualidadadiario.com\/?p=53520"},"modified":"2019-11-04T10:19:06","modified_gmt":"2019-11-04T13:19:06","slug":"se-esperan-nuevas-movilizaciones-en-chile-mientras-avanza-el-debate-sobre-una-posible-nueva-constitucion","status":"publish","type":"post","link":"https:\/\/www.actualidadadiario.com\/index.php\/2019\/11\/04\/se-esperan-nuevas-movilizaciones-en-chile-mientras-avanza-el-debate-sobre-una-posible-nueva-constitucion\/","title":{"rendered":"Se esperan nuevas movilizaciones en Chile, mientras avanza el debate sobre una posible nueva Constituci\u00f3n"},"content":{"rendered":"<p style=\"text-align: center;\"><em><strong>La Mesa de Unidad Social -que agrupa a m\u00e1s de 100 organizaciones sociales- llam\u00f3 a un \u201cS\u00faper lunes\u201d con marchas, concentraciones y cacerolazos en todo el pa\u00eds. En tanto, la Comisi\u00f3n de Constituci\u00f3n de la C\u00e1mara de Diputados debatir\u00e1 sobre los mecanismos que existen para redactar una Carta Magna que reemplace la actual<\/strong><\/em><\/p>\n<p>&nbsp;<\/p>\n<p>&nbsp;<\/p>\n<p>Con el inicio de una nueva semana se esperan este lunes nuevas movilizaciones y manifestaciones en Chile. Algunos grupos est\u00e1n llamando a trav\u00e9s de las redes sociales a paralizar la capital este lunes por la ma\u00f1ana colapsando las principales avenidas de la ciudad. Y por la tarde se ha convocado una nueva manifestaci\u00f3n en la Plaza Italia, epicentro de las protestas del estallido social chileno.<\/p>\n<p>La Mesa de Unidad Social -que agrupa a m\u00e1s de 100 organizaciones sociales- llam\u00f3 a un \u201cS\u00faper lunes\u201d con marchas, concentraciones y cacerolazos en todo el pa\u00eds. Los chilenos no bajan los brazos desde que el 18 de octubre se produjo una in\u00e9dita explosi\u00f3n social a ra\u00edz del alza en el precio del pasaje del Metro en horario pico y que hab\u00eda iniciado el 7 del mismo mes con un llamado a evadir el pago del boleto.<\/p>\n<p>La primera cita del lunes ser\u00e1 a las 12 horas en la plaza de los tribunales de justicia, frente al ex Congreso nacional. All\u00ed se exigir\u00e1 a los legisladores que frenen la tramitaci\u00f3n de proyectos de ley que \u201csolo apuntan a profundizar las desigualdades\u201d y que se encuentran \u201cen las ant\u00edpodas de las demandas que el pueblo chileno est\u00e1 exigiendo en las calles\u201d.<\/p>\n<p>\u201cTenemos claro que en la medida que no haya presi\u00f3n, hay una agenda del gobierno que va a seguir avanzando\u201d, advirti\u00f3 la presidenta de la Central Unitaria de Trabajadores (CUT), B\u00e1rbara Figueroa.<\/p>\n<p>El fin de semana, en los barrios de muchas ciudades chilenas se celebraron cabildos ciudadanos en los que se debatieron ideas y proyectos para construir un pa\u00eds sobre unas nuevas bases sociales, pol\u00edticas y econ\u00f3micas, lejos del modelo neoliberal que, argumentan, provoc\u00f3 la desigualdad y las injusticias que est\u00e1n detr\u00e1s del descontento social. Una de las actividades m\u00e1s multitudinarias fue una concentraci\u00f3n de ciclistas que se citaron en el centro de Santiago este domingo con el objetivo de protestar contra el manejo de la crisis del presidente Sebasti\u00e1n Pi\u00f1era.<\/p>\n<p>Los l\u00edderes sociales destacaron que en los m\u00e1s de 300 cabildos han participado m\u00e1s de 10 mil personas en 73 comunas del pa\u00eds. Explicaron que son cabildos abiertos y autoconvocados. \u201cEstos cabildos nacen de la idea de que este estallido social que vive el pa\u00eds, solo se puede solucionar con mayor democratizaci\u00f3n, generando espacios abiertos a quienes constantemente han sido marginados\u201d, subrayaron.<\/p>\n<p>Por su parte, la Agrupaci\u00f3n Nacional de Empleados Fiscales (ANEF), el principal sindicato de funcionarios, llam\u00f3 a sus bases a realizar un \u201cparo nacional progresivo\u201d en la administraci\u00f3n p\u00fablica a partir del lunes.<\/p>\n<p>&nbsp;<\/p>\n<p><strong>Debate constitucional<\/strong><\/p>\n<p>En el plano pol\u00edtico, la agenda social anunciada por Pi\u00f1era para aplacar la crisis ha tenido una recepci\u00f3n muy tibia entre la ciudadan\u00eda y el debate sobre la necesidad de elaborar una nueva Constituci\u00f3n ha ganado peso con el paso de los d\u00edas. La Comisi\u00f3n de Constituci\u00f3n de la C\u00e1mara de Diputados tiene programada para este lunes una larga sesi\u00f3n para debatir sobre los mecanismos que existen para redactar una Carta Magna que reemplace la actual, heredada de la dictadura de Augusto Pinochet. La oposici\u00f3n de centroizquierda est\u00e1 empujando con fuerza en esa direcci\u00f3n, mientras que el oficialismo lo ve con escepticismo aunque cada vez hay m\u00e1s voces que se inclinan por debatirlo.<\/p>\n","protected":false},"excerpt":{"rendered":"<p>La Mesa de Unidad Social -que agrupa a m\u00e1s de 100 organizaciones sociales- llam\u00f3 a un \u201cS\u00faper lunes\u201d con marchas, concentraciones y cacerolazos en todo el pa\u00eds. En tanto, la Comisi\u00f3n de Constituci\u00f3n de la C\u00e1mara de Diputados debatir\u00e1 sobre los mecanismos que existen para redactar una Carta Magna que reemplace la actual &nbsp; &nbsp; Con el inicio de una nueva semana se esperan este lunes nuevas movilizaciones y manifestaciones en Chile. Algunos grupos est\u00e1n llamando a trav\u00e9s de las redes sociales a paralizar la capital este lunes por la&#8230;<\/p>\n","protected":false},"author":3,"featured_media":53051,"comment_status":"closed","ping_status":"closed","sticky":false,"template":"","format":"standard","meta":[],"categories":[4],"tags":[],"_links":{"self":[{"href":"https:\/\/www.actualidadadiario.com\/index.php\/wp-json\/wp\/v2\/posts\/53520"}],"collection":[{"href":"https:\/\/www.actualidadadiario.com\/index.php\/wp-json\/wp\/v2\/posts"}],"about":[{"href":"https:\/\/www.actualidadadiario.com\/index.php\/wp-json\/wp\/v2\/types\/post"}],"author":[{"embeddable":true,"href":"https:\/\/www.actualidadadiario.com\/index.php\/wp-json\/wp\/v2\/users\/3"}],"replies":[{"embeddable":true,"href":"https:\/\/www.actualidadadiario.com\/index.php\/wp-json\/wp\/v2\/comments?post=53520"}],"version-history":[{"count":1,"href":"https:\/\/www.actualidadadiario.com\/index.php\/wp-json\/wp\/v2\/posts\/53520\/revisions"}],"predecessor-version":[{"id":53521,"href":"https:\/\/www.actualidadadiario.com\/index.php\/wp-json\/wp\/v2\/posts\/53520\/revisions\/53521"}],"wp:featuredmedia":[{"embeddable":true,"href":"https:\/\/www.actualidadadiario.com\/index.php\/wp-json\/wp\/v2\/media\/53051"}],"wp:attachment":[{"href":"https:\/\/www.actualidadadiario.com\/index.php\/wp-json\/wp\/v2\/media?parent=53520"}],"wp:term":[{"taxonomy":"category","embeddable":true,"href":"https:\/\/www.actualidadadiario.com\/index.php\/wp-json\/wp\/v2\/categories?post=53520"},{"taxonomy":"post_tag","embeddable":true,"href":"https:\/\/www.actualidadadiario.com\/index.php\/wp-json\/wp\/v2\/tags?post=53520"}],"curies":[{"name":"wp","href":"https:\/\/api.w.org\/{rel}","templated":true}]}}