{"id":5352,"date":"2016-12-05T10:19:23","date_gmt":"2016-12-05T13:19:23","guid":{"rendered":"http:\/\/actualidadadiario.com\/site\/?p=5352"},"modified":"2016-12-05T10:19:23","modified_gmt":"2016-12-05T13:19:23","slug":"corte-tucumana-postergo-el-fallo-en-el-caso-belen","status":"publish","type":"post","link":"https:\/\/www.actualidadadiario.com\/index.php\/2016\/12\/05\/corte-tucumana-postergo-el-fallo-en-el-caso-belen\/","title":{"rendered":"Corte tucumana posterg\u00f3 el fallo en el caso Bel\u00e9n"},"content":{"rendered":"<p><em><strong>La Corte Suprema de Justicia de Tucum\u00e1n posterg\u00f3 el fallo de la causa de Bel\u00e9n, la joven tucumana que fue condenada a prisi\u00f3n despu\u00e9s de sufrir un aborto espont\u00e1neo pero liberada dos a\u00f1os despu\u00e9s por una resoluci\u00f3n del alto tribunal, ya que sus integrantes cuentan con los atributos para prorrogar el plazo que t\u00e9cnicamente venc\u00eda hoy, explicaron voceros judiciales<\/strong><\/em><\/p>\n<p>&nbsp;<\/p>\n<p>&nbsp;<\/p>\n<p>&nbsp;<\/p>\n<p>&nbsp;<\/p>\n<p>&nbsp;<\/p>\n<p>&nbsp;<\/p>\n<p>&nbsp;<\/p>\n<p>&nbsp;<\/p>\n<p>La abogada Soledad Deza, defensora de Bel\u00e9n, lament\u00f3 la decisi\u00f3n de los magistrados y sostuvo que &#8220;el uso del tiempo en este caso profundiza la violencia que ejercieron sobre ella&#8221;.<\/p>\n<p>&nbsp;<\/p>\n<p>Seg\u00fan los plazos procesales, la Corte Suprema deb\u00eda resolver hoy la cuesti\u00f3n de fondo pero fuentes judiciales adelantaron que la medida no se conocer\u00e1 por el momento ya que los integrantes del tribunal pueden tomarse unos d\u00edas m\u00e1s para emitir la resoluci\u00f3n.<\/p>\n<p>&nbsp;<\/p>\n<p>&#8220;Esperemos que el fallo sea absolutorio para terminar con el calvario de Bel\u00e9n y de esa forma evitar que vayamos a la Corte Suprema de Justicia de la Naci\u00f3n&#8221;, le coment\u00f3 a T\u00e9lam la abogada de la joven tucumana, quien insisti\u00f3 en la necesidad de que &#8220;la Corte resuelva cuanto antes la cuesti\u00f3n de fondo porque no se puede dejar abierto este proceso&#8221;.<\/p>\n<p>&nbsp;<\/p>\n<p>Grupos de manifestantes de diferentes organizaciones de derechos humanos se concentraron frente al Palacio de Justicia a la espera de novedades, pero pasado el mediod\u00eda se retiraron al enterarse que no habr\u00e1 novedades por el momento.<\/p>\n<p>&nbsp;<\/p>\n<p>&#8220;Este es un caso paradigm\u00e1tico porque concentr\u00f3 tanta violencia de g\u00e9nero que llam\u00f3 la atenci\u00f3n de organismos nacionales e internacionales&#8221;, indic\u00f3 Deza.<\/p>\n<p>&nbsp;<\/p>\n<p>Bel\u00e9n lleg\u00f3 el 21 de marzo de 2014, junto a su madre, al hospital Avellaneda de la capital tucumana con dolores estomacales y los m\u00e9dicos le administraron calmantes, adem\u00e1s de recomendar que permanezca internada en la guardia.<\/p>\n<p>&nbsp;<\/p>\n<p>La joven sufri\u00f3 una hemorragia, le diagnosticaron un &#8220;aborto espont\u00e1neo incompleto sin complicaciones&#8221;, seg\u00fan consta en la historia cl\u00ednica elaborada por el primer m\u00e9dico que la atendi\u00f3, pero a partir de ah\u00ed comenzaron las acusaciones, sospechas y el proceso judicial que la condenaron a ocho a\u00f1os de prisi\u00f3n.<\/p>\n<p>&nbsp;<\/p>\n<p>En un ba\u00f1o del hospital encontraron un feto que m\u00e9dicos, polic\u00edas y funcionarios judiciales le adjudicaron a Bel\u00e9n pese a que nunca se realiz\u00f3 un estudio de ADN que demuestre su relaci\u00f3n con la joven.<\/p>\n<p>&nbsp;<\/p>\n<p>Los jueces le dictaron prisi\u00f3n preventiva y fue llevada detenida al Penal de Santa Ester donde permaneci\u00f3 durante m\u00e1s de dos a\u00f1os.<\/p>\n<p>&nbsp;<\/p>\n<p>Sin embargo, la joven tucumana recuper\u00f3 la libertad el 18 de agosto pasado por un dictamen del m\u00e1ximo tribunal que dej\u00f3 sin efecto la prisi\u00f3n preventiva dispuesta por la sala III de la C\u00e1mara penal integrada por los jueces Dante Ib\u00e1\u00f1ez, N\u00e9stor Rafael Macoritto y Fabi\u00e1n Adolfo Fradejas, quienes la condenaron al considerar que se trat\u00f3 de &#8220;homicidio agravado por el v\u00ednculo&#8221;.<\/p>\n","protected":false},"excerpt":{"rendered":"<p>La Corte Suprema de Justicia de Tucum\u00e1n posterg\u00f3 el fallo de la causa de Bel\u00e9n, la joven tucumana que fue condenada a prisi\u00f3n despu\u00e9s de sufrir un aborto espont\u00e1neo pero liberada dos a\u00f1os despu\u00e9s por una resoluci\u00f3n del alto tribunal, ya que sus integrantes cuentan con los atributos para prorrogar el plazo que t\u00e9cnicamente venc\u00eda hoy, explicaron voceros judiciales &nbsp; &nbsp; &nbsp; &nbsp; &nbsp; &nbsp; &nbsp; &nbsp; La abogada Soledad Deza, defensora de Bel\u00e9n, lament\u00f3 la decisi\u00f3n de los magistrados y sostuvo que &#8220;el uso del tiempo en este caso&#8230;<\/p>\n","protected":false},"author":3,"featured_media":5353,"comment_status":"closed","ping_status":"closed","sticky":false,"template":"","format":"standard","meta":[],"categories":[2],"tags":[],"_links":{"self":[{"href":"https:\/\/www.actualidadadiario.com\/index.php\/wp-json\/wp\/v2\/posts\/5352"}],"collection":[{"href":"https:\/\/www.actualidadadiario.com\/index.php\/wp-json\/wp\/v2\/posts"}],"about":[{"href":"https:\/\/www.actualidadadiario.com\/index.php\/wp-json\/wp\/v2\/types\/post"}],"author":[{"embeddable":true,"href":"https:\/\/www.actualidadadiario.com\/index.php\/wp-json\/wp\/v2\/users\/3"}],"replies":[{"embeddable":true,"href":"https:\/\/www.actualidadadiario.com\/index.php\/wp-json\/wp\/v2\/comments?post=5352"}],"version-history":[{"count":1,"href":"https:\/\/www.actualidadadiario.com\/index.php\/wp-json\/wp\/v2\/posts\/5352\/revisions"}],"predecessor-version":[{"id":5354,"href":"https:\/\/www.actualidadadiario.com\/index.php\/wp-json\/wp\/v2\/posts\/5352\/revisions\/5354"}],"wp:featuredmedia":[{"embeddable":true,"href":"https:\/\/www.actualidadadiario.com\/index.php\/wp-json\/wp\/v2\/media\/5353"}],"wp:attachment":[{"href":"https:\/\/www.actualidadadiario.com\/index.php\/wp-json\/wp\/v2\/media?parent=5352"}],"wp:term":[{"taxonomy":"category","embeddable":true,"href":"https:\/\/www.actualidadadiario.com\/index.php\/wp-json\/wp\/v2\/categories?post=5352"},{"taxonomy":"post_tag","embeddable":true,"href":"https:\/\/www.actualidadadiario.com\/index.php\/wp-json\/wp\/v2\/tags?post=5352"}],"curies":[{"name":"wp","href":"https:\/\/api.w.org\/{rel}","templated":true}]}}