{"id":53517,"date":"2019-11-04T10:18:20","date_gmt":"2019-11-04T13:18:20","guid":{"rendered":"https:\/\/www.actualidadadiario.com\/?p=53517"},"modified":"2019-11-04T10:18:20","modified_gmt":"2019-11-04T13:18:20","slug":"para-la-calle-la-agenda-de-pinera-es-cosmetica","status":"publish","type":"post","link":"https:\/\/www.actualidadadiario.com\/index.php\/2019\/11\/04\/para-la-calle-la-agenda-de-pinera-es-cosmetica\/","title":{"rendered":"Para la calle, la agenda de Pi\u00f1era es cosm\u00e9tica"},"content":{"rendered":"<p style=\"text-align: center;\"><em><strong>Las medidas de la agenda social &#8211;o \u201cneoliberal\u201d, como prefiere la CUT&#8211; son 16, plasmadas en 18 proyectos legislativos. No modifican el modelo heredado de la dictadura<\/strong><\/em><\/p>\n<p>&nbsp;<\/p>\n<p>&nbsp;<\/p>\n<p>Parecen ser mayor\u00eda los chilenos que se creen inmersos en 30 a\u00f1os de postdictadura y una vida totalmente privatizada. Eso podr\u00eda explicar semejante hartazgo unido al deseo de un cambio profundo. Los Carabineros contin\u00faan reprimiendo manifestaciones espont\u00e1neas y pac\u00edficas con gases cada vez m\u00e1s fuertes, camiones hidrantes y perdigones que han causado lesiones oculares a cerca de 160 personas. Hay un af\u00e1n por disparar a la cara. Ayer hab\u00eda ni\u00f1os atrapados en el humo y se o\u00edan disparos en la zona de Plaza Italia, epicentro de la lucha en Santiago. Una novedad es que, mediante un documento filtrado por hackers, se conoci\u00f3 que la Polic\u00eda catalog\u00f3 como \u201cblancos de inter\u00e9s\u201d a dirigentes de base para vigilarlos. Rigoberta Mench\u00fa se reuni\u00f3 en Santiago con referentes del Instituto Nacional de Derechos Humanos y conden\u00f3 el accionar de Carabineros.<\/p>\n<p>Termina un fin de semana de m\u00faltiples cabildos en instituciones de todo tipo y color y a lo largo y a lo ancho del pa\u00eds. En estas instancias de debate y conclusi\u00f3n los ciudadanos est\u00e1n reconstruyendo ni m\u00e1s ni menos que la subjetividad y el tejido social chilenos (muchos reconocen en ese marco lo indiferentes que eran antes de la evasi\u00f3n en el metro). Este lunes, despu\u00e9s de varios d\u00edas de marchas autoconvocadas, se espera una masiva a la que llam\u00f3 Unidad Social, un conglomerado de 70 organizaciones sociales y sindicales, entre las que se encuentran la Central Unitaria de Trabajadores (CUT), la Coordinadora NO+AFP, el Colegio de Profesores y la Agrupaci\u00f3n Nacional de Empleados Fiscales (ANEF). El prop\u00f3sito es poner un freno al tratamiento en el Congreso de la agenda social planteada por el Gobierno, el pol\u00e9mico paquete de medidas anunciado por Pi\u00f1era cuando Chile despert\u00f3 y que no hizo otra cosa que acrecentar la furia popular. Tambi\u00e9n se insistir\u00e1 en la creaci\u00f3n de una nueva Constituci\u00f3n que cambie de cuajo el sistema, en reemplazo de la heredada por la \u00faltima dictadura.<\/p>\n<p>La mesa de Unidad Social ha tenido un rol clave al promover los cabildos en los que han participado 10 mil chilenos desde el 24 de octubre, y huelgas y marchas. Con la presencia de un sindicalismo que acord\u00f3 constituir un comit\u00e9 para paralizar a todos los sectores y avanzar hacia una huelga general, la convocatoria de ma\u00f1ana lleva el nombre de \u201cS\u00faper Lunes\u201d y posee tres instancias. El primer punto de encuentro es el Congreso, al mediod\u00eda. Por la tarde, se esperan concentraciones en las principales plazas de Santiago en defensa de los 10 puntos del Pliego de las y los Trabajadores de Chile. Por la noche sonar\u00e1n las cacerolas en los barrios. Como viene ocurriendo, esto se replicar\u00e1 seguramente en distintas regiones.<\/p>\n<p>Hay una contradicci\u00f3n entre la fuerza y la valent\u00eda de esta sociedad y lo que ha podido conseguir. \u201cEl pueblo est\u00e1 convencido de que debe seguir en la lucha. Este maravilloso estallido social ha significado volver a tener una esperanza para terminar con desigualdades e injusticias. Pero en la mejora de condiciones de vida no se ha logrado nada. En t\u00e9rminos reivindicativos, s\u00f3lo se congel\u00f3 el pasaje de metro\u201d, dice Carolina Espinoza Tapia, trabajadora social, dirigenta sindical de Confederaci\u00f3n Nacional de la Salud Municipal, vocera de NO+AFP y vicepresidenta de la Regional Interamericana de la Internacional de Servicios P\u00fablicos. \u201cHay una evidente falta de voluntad pol\u00edtica para solucionar el conflicto. Es aberrante. No vemos ning\u00fan espacio de avance. El Gobierno sigue sin escuchar el clamor ciudadano. No ha hecho m\u00e1s que medidas cosm\u00e9ticas. Un cambio de gabinete de algunas personalidades y un paquete de medidas que son una burla y no modifican el modelo econ\u00f3mico\u201d, advierte la dirigente.<\/p>\n<p>Las medidas de la agenda social &#8211;o \u201cneoliberal\u201d, como prefiere la CUT&#8211; son 16, plasmadas en 18 proyectos legislativos. Todas, para materializarse, requieren de la aprobaci\u00f3n del Parlamento. Hasta ahora s\u00f3lo dos proyectos han superado esta instancia. Diputados dio el visto bueno al Seguro Catastr\u00f3fico de Salud, caratulado de suma urgencia. Preocupa porque activa una transferencia de recursos p\u00fablicos a cl\u00ednicas y farmacias. As\u00ed lo explica Espinoza Tapia: \u201cEn Chile el 80 por ciento de la poblaci\u00f3n se atiende en el sistema p\u00fablico, el resto en el sector de seguro privado (Instituciones de Salud Previsional, Isapre), con condiciones muy superiores. No tenemos recursos humanos ni insumos b\u00e1sicos. Tenemos que atender en camillas en los suelos. Este proyecto permite que con recursos p\u00fablicos se entreguen vouchers o dineros p\u00fablicos para pagar a empresas privadas que hagan lo que los sistemas p\u00fablicos no podemos hacer\u201d.<\/p>\n<p>Hoy continuaron las protestas. La que m\u00e1s llam\u00f3 la atenci\u00f3n fue la de un grupo de ciclistas que se dirigi\u00f3 a la casa del presidente, que le complic\u00f3 las cosas al personal de seguridad del jefe de Estado. Los chilenos movilizados entienden que la agenda social profundiza el modelo neoliberal con proyectos que, incluso, datan de antes de la crisis.<\/p>\n<p>\u201cEn el tema de la vivienda buscan transferir dineros p\u00fablicos a empresas privadas para concesionar departamentos de baja calidad\u201d, ejemplifica la trabajadora social. Este es un tema que podr\u00eda tratarse justamente en la sesi\u00f3n del lunes. Otro que genera mucho malestar es el de reforma a las pensiones, que implica \u201cmantener las AFP\u201d. Es uno de los puntos m\u00e1s \u00e1lgidos del conflicto: un sistema de salud dominado por bancos encubiertos de los empresarios m\u00e1s ricos y de algunas transnacionales.<\/p>\n<p>A todo esto, \u201cel poder legislativo, que es en teor\u00eda mayor\u00eda de oposici\u00f3n, ha sido incapaz de estar a la altura de los tiempos. Ha seguido aprobando la pol\u00edtica del Gobierno\u201d, analiza Espinoza Tapia. Guiados por esta percepci\u00f3n, los manifestantes recorrer\u00e1n dependencias de congresistas de Santiago y Valpara\u00edso. \u201cNo hay ning\u00fan atisbo de acercamiento a la asamblea constituyente para resolver de manera estructural los cambios\u201d, a\u00f1ade la militante.<\/p>\n","protected":false},"excerpt":{"rendered":"<p>Las medidas de la agenda social &#8211;o \u201cneoliberal\u201d, como prefiere la CUT&#8211; son 16, plasmadas en 18 proyectos legislativos. No modifican el modelo heredado de la dictadura &nbsp; &nbsp; Parecen ser mayor\u00eda los chilenos que se creen inmersos en 30 a\u00f1os de postdictadura y una vida totalmente privatizada. Eso podr\u00eda explicar semejante hartazgo unido al deseo de un cambio profundo. Los Carabineros contin\u00faan reprimiendo manifestaciones espont\u00e1neas y pac\u00edficas con gases cada vez m\u00e1s fuertes, camiones hidrantes y perdigones que han causado lesiones oculares a cerca de 160 personas. Hay un&#8230;<\/p>\n","protected":false},"author":3,"featured_media":53518,"comment_status":"closed","ping_status":"closed","sticky":false,"template":"","format":"standard","meta":[],"categories":[4],"tags":[],"_links":{"self":[{"href":"https:\/\/www.actualidadadiario.com\/index.php\/wp-json\/wp\/v2\/posts\/53517"}],"collection":[{"href":"https:\/\/www.actualidadadiario.com\/index.php\/wp-json\/wp\/v2\/posts"}],"about":[{"href":"https:\/\/www.actualidadadiario.com\/index.php\/wp-json\/wp\/v2\/types\/post"}],"author":[{"embeddable":true,"href":"https:\/\/www.actualidadadiario.com\/index.php\/wp-json\/wp\/v2\/users\/3"}],"replies":[{"embeddable":true,"href":"https:\/\/www.actualidadadiario.com\/index.php\/wp-json\/wp\/v2\/comments?post=53517"}],"version-history":[{"count":1,"href":"https:\/\/www.actualidadadiario.com\/index.php\/wp-json\/wp\/v2\/posts\/53517\/revisions"}],"predecessor-version":[{"id":53519,"href":"https:\/\/www.actualidadadiario.com\/index.php\/wp-json\/wp\/v2\/posts\/53517\/revisions\/53519"}],"wp:featuredmedia":[{"embeddable":true,"href":"https:\/\/www.actualidadadiario.com\/index.php\/wp-json\/wp\/v2\/media\/53518"}],"wp:attachment":[{"href":"https:\/\/www.actualidadadiario.com\/index.php\/wp-json\/wp\/v2\/media?parent=53517"}],"wp:term":[{"taxonomy":"category","embeddable":true,"href":"https:\/\/www.actualidadadiario.com\/index.php\/wp-json\/wp\/v2\/categories?post=53517"},{"taxonomy":"post_tag","embeddable":true,"href":"https:\/\/www.actualidadadiario.com\/index.php\/wp-json\/wp\/v2\/tags?post=53517"}],"curies":[{"name":"wp","href":"https:\/\/api.w.org\/{rel}","templated":true}]}}