{"id":53505,"date":"2019-11-04T10:15:21","date_gmt":"2019-11-04T13:15:21","guid":{"rendered":"https:\/\/www.actualidadadiario.com\/?p=53505"},"modified":"2019-11-04T10:15:21","modified_gmt":"2019-11-04T13:15:21","slug":"alberto-se-reune-con-amlo-en-busca-de-liderar-una-corriente-progresista","status":"publish","type":"post","link":"https:\/\/www.actualidadadiario.com\/index.php\/2019\/11\/04\/alberto-se-reune-con-amlo-en-busca-de-liderar-una-corriente-progresista\/","title":{"rendered":"Alberto se re\u00fane con AMLO en busca de liderar una corriente progresista"},"content":{"rendered":"<p style=\"text-align: center;\"><em><strong>El viaje a M\u00e9xico del presidente electo, Alberto Fern\u00e1ndez, tiene entre sus principales objetivos establecer v\u00ednculos pol\u00edticos con el pa\u00eds azteca, avanzar hacia una agenda de intercambio comercial con una de las principales econom\u00edas a nivel continental y el abrir un camino al liderazgo de ambos pa\u00edses a nivel regional, el cual est\u00e9 alejado de las pol\u00edticas neoliberales que en los \u00faltimos a\u00f1os han dominado el escenario pol\u00edtico en Am\u00e9rica Latina<\/strong><\/em><\/p>\n<p>&nbsp;<\/p>\n<p>&nbsp;<\/p>\n<p>Con esas expectativas en el haber, Fern\u00e1ndez coronar\u00e1 su primer viaje al exterior tras ser designado mandatario electo con un almuerzo con el presidente Andr\u00e9s Manuel L\u00f3pez Obrador, el cual tendr\u00e1 lugar hoy en la sede del Palacio Nacional.<\/p>\n<p>La reuni\u00f3n entre el mandatario mexicano y el electo presidente argentino ser\u00e1 a agenda abierta y est\u00e1 programada para las 11 en la sede de gobierno, donde tras almorzar, Fern\u00e1ndez ofrecer\u00e1 una conferencia de prensa.<\/p>\n<p>En tanto que por la noche, el l\u00edder del Frente de Todos asistir\u00e1 a una cena con cinco importantes grupos empresarios mexicanos, entre ellos el que pertenece al poderoso multimillonario Carlos Slim.<\/p>\n<p>Ma\u00f1ana el abogado y profesor de derecho penal, se reunir\u00e1 con autoridades de la Universidad Nacional de M\u00e9xico, para luego ofrecer una conferencia magistral en el Antiguo Colegio de San Ildefonso, que ser\u00e1 organizada por el Programa Universitario de Estudios sobre Democracias, Justicia y Sociedad de la UNAM.<\/p>\n<p>Si bien el viaje de Alberto a M\u00e9xico -pa\u00eds que se encamina a ser una de las mayores econom\u00edas del mundo- tiene entre sus objetivos el fortalecer los v\u00ednculos pol\u00edticos y econ\u00f3micos con el gobierno de AMLO, al mismo tiempo y debido a las constantes provocaciones esgrimidas por el presidente de Brasil, Jair Bolsonaro en contra del l\u00edder del Frente de Todos, obligaron a \u00e9ste a ir en busca de nuevas alianzas estrat\u00e9gicas.<\/p>\n<p>Pero adem\u00e1s, Fern\u00e1ndez buscar\u00e1 avanzar hacia una nueva alianza progresista en la regi\u00f3n que logre despegar al pa\u00eds de las posiciones adoptadas por el Grupo de Lima, integrado entre otros por Chile, Colombia, Brasil; Costa Rica, Guatemala, Honduras y Paraguay, cuyos gobiernos -alineados con Estados Unidos-, han mantenido una posici\u00f3n injerencista frente a la crisis en Venezuela.<\/p>\n<p>&#8220;Que la primera salida de Alberto como presidente electo sea a M\u00e9xico, es un mensaje muy importante, no solo por la trascendencia que tiene&#8221; ese pa\u00eds &#8220;como segunda econom\u00eda m\u00e1s importante de Latinoam\u00e9rica, sino tambi\u00e9n&#8221; porque L\u00f3pez Obrador &#8220;es una referencia de lo que consideramos debe ser un proceso de profundizaci\u00f3n de integraci\u00f3n latinoamericana&#8221;, dijo en las \u00faltimas horas Nicol\u00e1s Trotta, coordinador de los equipos t\u00e9cnicos de Fern\u00e1ndez.<\/p>\n<p>En esa direcci\u00f3n, para el rector de la Universidad Metropolitana (UMET), &#8220;a diferencia de lo ocurrido en el pasado, M\u00e9xico puede cumplir un rol muy importante en tratar de liderar con Argentina esta nueva etapa&#8221; que se abre abre en la regi\u00f3n. Esta visi\u00f3n, tambi\u00e9n ser\u00eda compartida por al menos una parte del gobierno mexicano, al punto que el director general de Organismos y Mecanismos Regionales Americanos de la canciller\u00eda azteca, Efrain Guadarrama, uno de los encargados de darle la bienvenida a Fern\u00e1ndez en el Aeropuerto Internacional Benito Ju\u00e1rez, escribi\u00f3 en su cuenta de Twitter, que &#8220;una nueva alianza progresista nace&#8221; entre ambos pa\u00edses.<\/p>\n","protected":false},"excerpt":{"rendered":"<p>El viaje a M\u00e9xico del presidente electo, Alberto Fern\u00e1ndez, tiene entre sus principales objetivos establecer v\u00ednculos pol\u00edticos con el pa\u00eds azteca, avanzar hacia una agenda de intercambio comercial con una de las principales econom\u00edas a nivel continental y el abrir un camino al liderazgo de ambos pa\u00edses a nivel regional, el cual est\u00e9 alejado de las pol\u00edticas neoliberales que en los \u00faltimos a\u00f1os han dominado el escenario pol\u00edtico en Am\u00e9rica Latina &nbsp; &nbsp; Con esas expectativas en el haber, Fern\u00e1ndez coronar\u00e1 su primer viaje al exterior tras ser designado mandatario&#8230;<\/p>\n","protected":false},"author":3,"featured_media":53506,"comment_status":"closed","ping_status":"closed","sticky":false,"template":"","format":"standard","meta":[],"categories":[18],"tags":[],"_links":{"self":[{"href":"https:\/\/www.actualidadadiario.com\/index.php\/wp-json\/wp\/v2\/posts\/53505"}],"collection":[{"href":"https:\/\/www.actualidadadiario.com\/index.php\/wp-json\/wp\/v2\/posts"}],"about":[{"href":"https:\/\/www.actualidadadiario.com\/index.php\/wp-json\/wp\/v2\/types\/post"}],"author":[{"embeddable":true,"href":"https:\/\/www.actualidadadiario.com\/index.php\/wp-json\/wp\/v2\/users\/3"}],"replies":[{"embeddable":true,"href":"https:\/\/www.actualidadadiario.com\/index.php\/wp-json\/wp\/v2\/comments?post=53505"}],"version-history":[{"count":1,"href":"https:\/\/www.actualidadadiario.com\/index.php\/wp-json\/wp\/v2\/posts\/53505\/revisions"}],"predecessor-version":[{"id":53507,"href":"https:\/\/www.actualidadadiario.com\/index.php\/wp-json\/wp\/v2\/posts\/53505\/revisions\/53507"}],"wp:featuredmedia":[{"embeddable":true,"href":"https:\/\/www.actualidadadiario.com\/index.php\/wp-json\/wp\/v2\/media\/53506"}],"wp:attachment":[{"href":"https:\/\/www.actualidadadiario.com\/index.php\/wp-json\/wp\/v2\/media?parent=53505"}],"wp:term":[{"taxonomy":"category","embeddable":true,"href":"https:\/\/www.actualidadadiario.com\/index.php\/wp-json\/wp\/v2\/categories?post=53505"},{"taxonomy":"post_tag","embeddable":true,"href":"https:\/\/www.actualidadadiario.com\/index.php\/wp-json\/wp\/v2\/tags?post=53505"}],"curies":[{"name":"wp","href":"https:\/\/api.w.org\/{rel}","templated":true}]}}