{"id":5349,"date":"2016-12-05T10:18:31","date_gmt":"2016-12-05T13:18:31","guid":{"rendered":"http:\/\/actualidadadiario.com\/site\/?p=5349"},"modified":"2016-12-05T10:18:31","modified_gmt":"2016-12-05T13:18:31","slug":"tras-una-semana-de-homenajes-enterraron-los-restos-de-fidel-castro-en-santiago-de-cuba","status":"publish","type":"post","link":"https:\/\/www.actualidadadiario.com\/index.php\/2016\/12\/05\/tras-una-semana-de-homenajes-enterraron-los-restos-de-fidel-castro-en-santiago-de-cuba\/","title":{"rendered":"Tras una semana de homenajes, enterraron los restos de Fidel Castro en Santiago de Cuba"},"content":{"rendered":"<p><em><strong>Despu\u00e9s de una semana de ceremonias y de un cortejo f\u00fanebre que recorri\u00f3 casi toda la isla, las cenizas del ya m\u00edtico l\u00edder de la Revoluci\u00f3n Cubana, Fidel Castro, realizaron este domingo su camino final desde el Parque de la Revoluci\u00f3n en la ciudad de Santiago de Cuba hasta el cementerio de Santa Ifigenia, donde fueron finalmente enterradas en una ceremonia privada<\/strong><\/em><\/p>\n<p>&nbsp;<\/p>\n<p>&nbsp;<\/p>\n<p>&nbsp;<\/p>\n<p>&nbsp;<\/p>\n<p>&nbsp;<\/p>\n<p>&nbsp;<\/p>\n<p>La ceremonia comenz\u00f3 con 21 salvas militares y despu\u00e9s de un solemne silencio las cenizas fueron colocadas en un espacio cercano al que tiene el H\u00e9roe Nacional Jos\u00e9 Mart\u00ed, seg\u00fan relat\u00f3 la emisora estatal Radio Reloj.<\/p>\n<p>&nbsp;<\/p>\n<p>Apenas unas horas antes, soldados vestidos con uniforme de gala de color blanco y un brazalete negro en los brazos en se\u00f1al de luto hab\u00edan conducido el cortejo que llevaba la urna de madera de cedro con las cenizas del l\u00edder cubano.<\/p>\n<p>&nbsp;<\/p>\n<p>A los costados, miles de personas hab\u00edan roto el silencio y cantaron de manera espont\u00e1nea el himno nacional.<\/p>\n<p>&nbsp;<\/p>\n<p>Muchos gritaban &#8220;\u00a1Yo soy Fidel!&#8221; cuando la urna, cubierta por la bandera cubana y protegida por una urna de cristal, pasaba a su lado, inform\u00f3 la agencia alemana de noticias DPA.<\/p>\n<p>&nbsp;<\/p>\n<p>El cortejo estuvo adem\u00e1s acompa\u00f1ado por el ministro de las Fuerzas Armadas Revolucionarias, el general Leopoldo Cintra Fr\u00edas, y los viceministros Ram\u00f3n Espinosa Mart\u00edn y Joaqu\u00edn Quinta Sol\u00e1s, tambi\u00e9n generales.<\/p>\n<p>&nbsp;<\/p>\n<p>Los restos de Castro llegaron el s\u00e1bado a Santiago de Cuba tras recorrer en etapas y durante los pasados cuatro d\u00edas los casi 1.000 kil\u00f3metros que separan La Habana de la ciudad del oriente cubano. El recorrido fue similar al de la llamada &#8220;Caravana de la Libertad&#8221; que el propio Fidel encabez\u00f3 en 1959, tras derrocar al dictador Fulgencio Batista.<\/p>\n<p>&nbsp;<\/p>\n<p>Anoche la ciudad coron\u00f3 el final del recorrido nacional con un masivo acto en la Plaza de la Revoluci\u00f3n, en la que participaron m\u00e1s de medio mill\u00f3n de personas -seg\u00fan la televisi\u00f3n cubana-, varios l\u00edderes internacionales y el propio Ra\u00fal Castro, quien cerr\u00f3 la noche con un emotivo discurso.<\/p>\n<p>&nbsp;<\/p>\n<p>A diferencia del cortejo de los \u00faltimos d\u00edas y de las masivas ceremonias del fin de semana pasado que fueron p\u00fablicas, el funeral de hoy en Santa Ifigenia fue privado y reservado a la familia de veterano l\u00edder y &#8220;personalidades especialmente invitadas&#8221;, como los l\u00edderes de Venezuela, Nicol\u00e1s Maduro; y Bolivia, Evo Morales, as\u00ed como los ex presidentes brasile\u00f1os Luiz In\u00e1cio Lula da Silva y Dilma Rousseff, seg\u00fan informaron medios locales.<\/p>\n<p>&nbsp;<\/p>\n<p>Ni la prensa ni el resto del pueblo cubano tuvieron acceso al entierro de las cenizas.<\/p>\n<p>&nbsp;<\/p>\n<p>Seg\u00fan medios oficiales cubanos, los restos de Castro ser\u00e1n depositados en Santa Ifigenia cerca de donde reposan los de Mart\u00ed, los del padre de la patria cubana, Carlos Manuel C\u00e9spedes, y de Mariana Grajales, madre de los generales independentistas Jos\u00e9 y Antonio Maceo.<\/p>\n<p>&nbsp;<\/p>\n<p>Castro muri\u00f3 el 25 de noviembre pasado, a los 90 a\u00f1os, y su fallecimiento corona el clima de incertidumbre despu\u00e9s de varios a\u00f1os de reformas econ\u00f3micas y el reciente acercamiento a Estados Unidos, todas medidas tomadas por su hermano y presidente del pa\u00eds, Ra\u00fal Castro, pero ratificadas por \u00e9l.<\/p>\n","protected":false},"excerpt":{"rendered":"<p>Despu\u00e9s de una semana de ceremonias y de un cortejo f\u00fanebre que recorri\u00f3 casi toda la isla, las cenizas del ya m\u00edtico l\u00edder de la Revoluci\u00f3n Cubana, Fidel Castro, realizaron este domingo su camino final desde el Parque de la Revoluci\u00f3n en la ciudad de Santiago de Cuba hasta el cementerio de Santa Ifigenia, donde fueron finalmente enterradas en una ceremonia privada &nbsp; &nbsp; &nbsp; &nbsp; &nbsp; &nbsp; La ceremonia comenz\u00f3 con 21 salvas militares y despu\u00e9s de un solemne silencio las cenizas fueron colocadas en un espacio cercano al&#8230;<\/p>\n","protected":false},"author":3,"featured_media":5350,"comment_status":"closed","ping_status":"closed","sticky":false,"template":"","format":"standard","meta":[],"categories":[4],"tags":[],"_links":{"self":[{"href":"https:\/\/www.actualidadadiario.com\/index.php\/wp-json\/wp\/v2\/posts\/5349"}],"collection":[{"href":"https:\/\/www.actualidadadiario.com\/index.php\/wp-json\/wp\/v2\/posts"}],"about":[{"href":"https:\/\/www.actualidadadiario.com\/index.php\/wp-json\/wp\/v2\/types\/post"}],"author":[{"embeddable":true,"href":"https:\/\/www.actualidadadiario.com\/index.php\/wp-json\/wp\/v2\/users\/3"}],"replies":[{"embeddable":true,"href":"https:\/\/www.actualidadadiario.com\/index.php\/wp-json\/wp\/v2\/comments?post=5349"}],"version-history":[{"count":1,"href":"https:\/\/www.actualidadadiario.com\/index.php\/wp-json\/wp\/v2\/posts\/5349\/revisions"}],"predecessor-version":[{"id":5351,"href":"https:\/\/www.actualidadadiario.com\/index.php\/wp-json\/wp\/v2\/posts\/5349\/revisions\/5351"}],"wp:featuredmedia":[{"embeddable":true,"href":"https:\/\/www.actualidadadiario.com\/index.php\/wp-json\/wp\/v2\/media\/5350"}],"wp:attachment":[{"href":"https:\/\/www.actualidadadiario.com\/index.php\/wp-json\/wp\/v2\/media?parent=5349"}],"wp:term":[{"taxonomy":"category","embeddable":true,"href":"https:\/\/www.actualidadadiario.com\/index.php\/wp-json\/wp\/v2\/categories?post=5349"},{"taxonomy":"post_tag","embeddable":true,"href":"https:\/\/www.actualidadadiario.com\/index.php\/wp-json\/wp\/v2\/tags?post=5349"}],"curies":[{"name":"wp","href":"https:\/\/api.w.org\/{rel}","templated":true}]}}