{"id":53447,"date":"2019-11-04T10:01:37","date_gmt":"2019-11-04T13:01:37","guid":{"rendered":"https:\/\/www.actualidadadiario.com\/?p=53447"},"modified":"2019-11-04T10:01:37","modified_gmt":"2019-11-04T13:01:37","slug":"estudiantes-de-la-uader-podran-realizar-practicas-profesionales-en-el-iprodi","status":"publish","type":"post","link":"https:\/\/www.actualidadadiario.com\/index.php\/2019\/11\/04\/estudiantes-de-la-uader-podran-realizar-practicas-profesionales-en-el-iprodi\/","title":{"rendered":"Estudiantes de la Uader podr\u00e1n realizar pr\u00e1cticas profesionales en el Iprodi"},"content":{"rendered":"<p style=\"text-align: center;\"><em><strong>El Instituto Provincial de Discapacidad (Iprodi) y la Facultad de Humanidades, Artes y Ciencias Sociales de la Uader firmaron un convenio para que estudiantes de la casa de altos estudios puedan realizar sus pr\u00e1cticas profesionales en la instituci\u00f3n provincial<\/strong><\/em><\/p>\n<p>&nbsp;<\/p>\n<p>&nbsp;<\/p>\n<p>La iniciativa fue formalizada durante un encuentro entre la directora del Iprodi, Cristina Ponce, y la decana de la Universidad Aut\u00f3noma de Entre R\u00edos (Uader), Mar\u00eda Gracia Benedetti. Tiene como objetivo implementar un sistema de pr\u00e1cticas profesionales en el \u00e1mbito de dependencias del organismo, destinado espec\u00edficamente para estudiantes de las m\u00e1s de 20 carreras que se dictan en la universidad.<\/p>\n<p>A trav\u00e9s de esta propuesta se busca preparar al futuro profesional para ejercitar experiencias de pr\u00e1cticas compartidas en equipos interdisciplinarios, tanto en el \u00e1mbito privado como en el p\u00fablico o comunitario. Actualmente el Iprodi, a partir de una iniciativa similar, cuenta con estudiantes de la Facultad de Trabajo Social de la UNER que realizan sus pr\u00e1cticas profesionales en la instituci\u00f3n y llevan adelante una propuesta de trabajo dentro de la dependencia.<\/p>\n<p>Cabe se\u00f1alar que los docentes responsables de c\u00e1tedra cuyos estudiantes realicen pr\u00e1cticas deber\u00e1n llevar adelante un seguimiento y evaluaci\u00f3n de su labor en la instituci\u00f3n, debiendo realizar luego una devoluci\u00f3n al respecto.<\/p>\n","protected":false},"excerpt":{"rendered":"<p>El Instituto Provincial de Discapacidad (Iprodi) y la Facultad de Humanidades, Artes y Ciencias Sociales de la Uader firmaron un convenio para que estudiantes de la casa de altos estudios puedan realizar sus pr\u00e1cticas profesionales en la instituci\u00f3n provincial &nbsp; &nbsp; La iniciativa fue formalizada durante un encuentro entre la directora del Iprodi, Cristina Ponce, y la decana de la Universidad Aut\u00f3noma de Entre R\u00edos (Uader), Mar\u00eda Gracia Benedetti. Tiene como objetivo implementar un sistema de pr\u00e1cticas profesionales en el \u00e1mbito de dependencias del organismo, destinado espec\u00edficamente para estudiantes de&#8230;<\/p>\n","protected":false},"author":3,"featured_media":53448,"comment_status":"closed","ping_status":"closed","sticky":false,"template":"","format":"standard","meta":[],"categories":[15],"tags":[],"_links":{"self":[{"href":"https:\/\/www.actualidadadiario.com\/index.php\/wp-json\/wp\/v2\/posts\/53447"}],"collection":[{"href":"https:\/\/www.actualidadadiario.com\/index.php\/wp-json\/wp\/v2\/posts"}],"about":[{"href":"https:\/\/www.actualidadadiario.com\/index.php\/wp-json\/wp\/v2\/types\/post"}],"author":[{"embeddable":true,"href":"https:\/\/www.actualidadadiario.com\/index.php\/wp-json\/wp\/v2\/users\/3"}],"replies":[{"embeddable":true,"href":"https:\/\/www.actualidadadiario.com\/index.php\/wp-json\/wp\/v2\/comments?post=53447"}],"version-history":[{"count":1,"href":"https:\/\/www.actualidadadiario.com\/index.php\/wp-json\/wp\/v2\/posts\/53447\/revisions"}],"predecessor-version":[{"id":53449,"href":"https:\/\/www.actualidadadiario.com\/index.php\/wp-json\/wp\/v2\/posts\/53447\/revisions\/53449"}],"wp:featuredmedia":[{"embeddable":true,"href":"https:\/\/www.actualidadadiario.com\/index.php\/wp-json\/wp\/v2\/media\/53448"}],"wp:attachment":[{"href":"https:\/\/www.actualidadadiario.com\/index.php\/wp-json\/wp\/v2\/media?parent=53447"}],"wp:term":[{"taxonomy":"category","embeddable":true,"href":"https:\/\/www.actualidadadiario.com\/index.php\/wp-json\/wp\/v2\/categories?post=53447"},{"taxonomy":"post_tag","embeddable":true,"href":"https:\/\/www.actualidadadiario.com\/index.php\/wp-json\/wp\/v2\/tags?post=53447"}],"curies":[{"name":"wp","href":"https:\/\/api.w.org\/{rel}","templated":true}]}}