{"id":53427,"date":"2019-11-01T10:34:42","date_gmt":"2019-11-01T13:34:42","guid":{"rendered":"https:\/\/www.actualidadadiario.com\/?p=53427"},"modified":"2019-11-01T10:34:42","modified_gmt":"2019-11-01T13:34:42","slug":"otro-frente-abierto-ahora-bolsonaro-mantiene-un-cortocircuito-con-uruguay","status":"publish","type":"post","link":"https:\/\/www.actualidadadiario.com\/index.php\/2019\/11\/01\/otro-frente-abierto-ahora-bolsonaro-mantiene-un-cortocircuito-con-uruguay\/","title":{"rendered":"Otro frente abierto: ahora Bolsonaro mantiene un cortocircuito con Uruguay"},"content":{"rendered":"<p style=\"text-align: center;\"><em><strong>El mandatario brasile\u00f1o se habr\u00eda entrometido en los resultados de la primera vuelta de las elecciones uruguayas<\/strong><\/em><\/p>\n<p>&nbsp;<\/p>\n<p>&nbsp;<\/p>\n<p>La Canciller\u00eda de Uruguay inst\u00f3 este jueves al canciller de Brasil, Antonio Simoes, para que explique los \u00faltimos dichos del mandatario de ese pa\u00eds, Jair Bolsonaro. Al parecer, el mandatario brasile\u00f1o parece haberse entrometido en sus declaraciones en los resultados de la primera vuelta de las elecciones generales uruguayas.<\/p>\n<p>\u201cEl Ministerio de Relaciones Exteriores convoc\u00f3 al embajador de la Rep\u00fablica Federativa de Brasil en Uruguay, se\u00f1or Antonio Simoes, y le solicit\u00f3 explicaciones sobre las expresiones vertidas por el presidente Jair Bolsonaro al diario O Estado de Sao Paulo, el pasado 29 de octubre, relacionadas con el proceso electoral que se desarrolla en nuestro pa\u00eds\u201d, revel\u00f3 el comunicado oficial.<\/p>\n<p>\u201cSimoes brind\u00f3 los detalles sobre las declaraciones de Bolsonaro a la directora de la Regional Am\u00e9rica del Ministerio de Relaciones Exteriores\u201d, agreg\u00f3 la misiva. Luego de conocerse los resultados de los comicios, Bolsonaro dijo que en ese pa\u00eds hab\u00eda una oposici\u00f3n que est\u00e1 m\u00e1s alineada con sus pensamientos liberales y econ\u00f3micos.<\/p>\n<p>\u201cEsperamos, hinchamos, porque se elija a alguien m\u00e1s asociado a nuestras ideas, as\u00ed tendr\u00edamos a Uruguay m\u00e1s alineado con nosotros\u201d, expres\u00f3 el jefe de Estado brasile\u00f1o. \u201cNuestro Gobierno no tuvo ning\u00fan problema con Uruguay ni con el actual presidente Tabar\u00e9 V\u00e1zquez. Pero tenemos que prepararnos siempre para lo peor\u201d, continu\u00f3.<\/p>\n<p>En Uruguay tuvieron lugar el pasado 27 de octubre las elecciones generales. Sin embargo, como los candidatos a la Presidencia no llegaron al mayor puntaje en las urnas, los dos postulantes m\u00e1s votados (Daniel Mart\u00ednez y Luis Lacalle Pou) deber\u00e1n enfrentar una segunda vuelta electoral el domingo 24 de noviembre.<\/p>\n","protected":false},"excerpt":{"rendered":"<p>El mandatario brasile\u00f1o se habr\u00eda entrometido en los resultados de la primera vuelta de las elecciones uruguayas &nbsp; &nbsp; La Canciller\u00eda de Uruguay inst\u00f3 este jueves al canciller de Brasil, Antonio Simoes, para que explique los \u00faltimos dichos del mandatario de ese pa\u00eds, Jair Bolsonaro. Al parecer, el mandatario brasile\u00f1o parece haberse entrometido en sus declaraciones en los resultados de la primera vuelta de las elecciones generales uruguayas. \u201cEl Ministerio de Relaciones Exteriores convoc\u00f3 al embajador de la Rep\u00fablica Federativa de Brasil en Uruguay, se\u00f1or Antonio Simoes, y le solicit\u00f3&#8230;<\/p>\n","protected":false},"author":3,"featured_media":50204,"comment_status":"closed","ping_status":"closed","sticky":false,"template":"","format":"standard","meta":[],"categories":[4],"tags":[],"_links":{"self":[{"href":"https:\/\/www.actualidadadiario.com\/index.php\/wp-json\/wp\/v2\/posts\/53427"}],"collection":[{"href":"https:\/\/www.actualidadadiario.com\/index.php\/wp-json\/wp\/v2\/posts"}],"about":[{"href":"https:\/\/www.actualidadadiario.com\/index.php\/wp-json\/wp\/v2\/types\/post"}],"author":[{"embeddable":true,"href":"https:\/\/www.actualidadadiario.com\/index.php\/wp-json\/wp\/v2\/users\/3"}],"replies":[{"embeddable":true,"href":"https:\/\/www.actualidadadiario.com\/index.php\/wp-json\/wp\/v2\/comments?post=53427"}],"version-history":[{"count":1,"href":"https:\/\/www.actualidadadiario.com\/index.php\/wp-json\/wp\/v2\/posts\/53427\/revisions"}],"predecessor-version":[{"id":53428,"href":"https:\/\/www.actualidadadiario.com\/index.php\/wp-json\/wp\/v2\/posts\/53427\/revisions\/53428"}],"wp:featuredmedia":[{"embeddable":true,"href":"https:\/\/www.actualidadadiario.com\/index.php\/wp-json\/wp\/v2\/media\/50204"}],"wp:attachment":[{"href":"https:\/\/www.actualidadadiario.com\/index.php\/wp-json\/wp\/v2\/media?parent=53427"}],"wp:term":[{"taxonomy":"category","embeddable":true,"href":"https:\/\/www.actualidadadiario.com\/index.php\/wp-json\/wp\/v2\/categories?post=53427"},{"taxonomy":"post_tag","embeddable":true,"href":"https:\/\/www.actualidadadiario.com\/index.php\/wp-json\/wp\/v2\/tags?post=53427"}],"curies":[{"name":"wp","href":"https:\/\/api.w.org\/{rel}","templated":true}]}}