{"id":53371,"date":"2019-11-01T10:13:52","date_gmt":"2019-11-01T13:13:52","guid":{"rendered":"https:\/\/www.actualidadadiario.com\/?p=53371"},"modified":"2019-11-01T10:13:52","modified_gmt":"2019-11-01T13:13:52","slug":"la-provincia-reclamo-a-la-corte-suprema-que-nacion-efectivice-una-mayor-compensacion","status":"publish","type":"post","link":"https:\/\/www.actualidadadiario.com\/index.php\/2019\/11\/01\/la-provincia-reclamo-a-la-corte-suprema-que-nacion-efectivice-una-mayor-compensacion\/","title":{"rendered":"La provincia reclam\u00f3 a la Corte Suprema que Naci\u00f3n efectivice una mayor compensaci\u00f3n"},"content":{"rendered":"<p style=\"text-align: center;\"><em><strong>La provincia present\u00f3 un escrito firmado por el gobernador Gustavo Bordet, ante la Corte Suprema de Justicia, planteando discrepancia con la compensaci\u00f3n que debe recibir del gobierno nacional. Adem\u00e1s, solicit\u00f3 que revea el monto y que la Comisi\u00f3n Federal de Impuestos garantice el cumplimiento<\/strong><\/em><\/p>\n<p>&nbsp;<\/p>\n<p>&nbsp;<\/p>\n<p>La presentaci\u00f3n de la provincia se interpuso este jueves y fue acordada en una reuni\u00f3n que mantuvieron ministros de Econom\u00eda, entre los que estuvo el titular de la cartera entrerriana, Hugo Ballay, en la sede de la Comisi\u00f3n Federal de Impuestos, en Buenos Aires. Los t\u00e9rminos del documento fueron cerrados por Bordet, el ministro Ballay y el fiscal de Estado, Julio Rodriguez Signes.<\/p>\n<p>&#8220;Nos reunimos los ministros de Econom\u00eda de las 15 provincias que acudimos a la Corte Suprema de Justicia y algunas otras provincias, y coincidimos todos en que la devoluci\u00f3n que est\u00e1 haciendo el gobierno nacional en la compensaci\u00f3n significa solamente lo relacionado con el Impuesto al Valor Agregado, que no considera para nada la detracci\u00f3n del Impuesto de las Ganancias, que es el principal costo fiscal para las provincias&#8221;, inform\u00f3 el ministro de Econom\u00eda, Hugo Ballay.<\/p>\n<p>\u201cEn ese marco hubo un rechazo un\u00e1nime de los ministros y en la reuni\u00f3n formal de la Comisi\u00f3n Federal de Impuestos se solicit\u00f3 a la misma que haga una interpretaci\u00f3n de lo que el gobierno nacional est\u00e1 haciendo como para fortalecer la presentaci\u00f3n de las provincias&#8221;, detall\u00f3 Ballay.<\/p>\n<p>A su vez, el ministro comunic\u00f3: \u201cEntre R\u00edos efectu\u00f3 la presentaci\u00f3n este jueves respecto a rechazar primero la forma en que el gobierno nacional la est\u00e1 realizando, y segundo, solicitando a la Corte que tome a la Comisi\u00f3n Federal de Impuestos como el organismo que por Ley de Coparticipaci\u00f3n corresponde que controle el cumplimiento de la sentencia que emiti\u00f3 la Corte&#8221;.<\/p>\n<p>&nbsp;<\/p>\n<p><strong>Insistir en el cumplimiento de la sentencia de la Corte Suprema<\/strong><\/p>\n<p>El fiscal de Estado, Julio Rodr\u00edguez Signes, repas\u00f3 los pasos dados en torno a la presentaci\u00f3n realizada desde la provincia ante la Corte Suprema para la devoluci\u00f3n de los fondos retenidos por Naci\u00f3n de IVA y Ganancias, con resoluci\u00f3n favorable. \u201cEl 1 de octubre, la Corte Suprema de Justicia de la Naci\u00f3n dict\u00f3 sentencia en la medida cautelar que plante\u00f3 la provincia de Entre R\u00edos acerca de los decretos 561 y 567 del Poder Ejecutivo nacional que modificaron el r\u00e9gimen de coparticipaci\u00f3n de impuestos y perjudic\u00f3 a todas las provincias, entre ellas a Entre R\u00edos\u201d, record\u00f3.<\/p>\n<p>\u201cLa Naci\u00f3n plante\u00f3 dificultades en torno a la aplicaci\u00f3n de ese decreto, y la Corte Suprema dijo que el gobierno nacional ten\u00eda que asumir el costo fiscal de estas medidas, sin afectar los recursos de coparticipaci\u00f3n\u201d, continu\u00f3 el fiscal de Estado. \u201cLas provincias inmediatamente comenzamos a hacer un c\u00e1lculo de cu\u00e1nto nos correspond\u00eda y para ello nos reunimos la Comisi\u00f3n Federal de Impuestos, ministros de Econom\u00eda, fiscales de Estado y concluimos en el caso que la provincia de Entre R\u00edos deb\u00eda recibir entre 1600 y 2000 millones de pesos, conforme el c\u00e1lculo que hab\u00eda hecho el propio Estado nacional\u201d, precis\u00f3.<\/p>\n<p>En ese sentido, Rodr\u00edguez Signes continu\u00f3: \u201cEl Estado nacional primero intent\u00f3 pedir una audiencia p\u00fablica, la Corte rechaz\u00f3 ese pedido, y luego orden\u00f3 comenzar a cumplir la sentencia. Lo que ocurre es que comenz\u00f3 a cumplirla de modo insuficiente\u201d. Y sobre este punto, puntualiz\u00f3: \u201cReconoci\u00f3 en favor de Entre R\u00edos un poco m\u00e1s de 200 millones de pesos. Nosotros inmediatamente hicimos los c\u00e1lculos, a trav\u00e9s del Ministerio de Econom\u00eda, y ratificamos que la cifra no era inferior a 1.600 millones de pesos\u201d.<\/p>\n<p>En este contexto se inscribe el escrito rubricado por Gustavo Bordet: \u201cEl gobernador insiste en un reclamo que firm\u00f3 este mi\u00e9rcoles, dirigido primero a la Corte, manifestando que el cumplimiento de la sentencia por parte del Estado nacional era parcial; no es un cumplimiento total que fue ordenado por la propia Corte. Y los mismos argumentos fueron planteados al Presidente, para que \u00e9l mismo, que es el jefe de la administraci\u00f3n nacional, revise los c\u00e1lculos que hab\u00eda hecho el Estado nacional y cumpla con el fallo, tal cual lo dispuesto. Es decir, lo \u00fanico que estamos haciendo es insistir en el cumplimiento de la sentencia del m\u00e1ximo tribunal de la Rep\u00fablica Argentina, que es la Corte\u201d.<\/p>\n<p>Rodr\u00edguez Signes reafirm\u00f3: \u201cLa provincia de Entre R\u00edos sigue sosteniendo que los decretos modificaron unilateralmente el r\u00e9gimen de coparticipaci\u00f3n y los ingresos en rentas generales en violaci\u00f3n del art\u00edculo 75 de la Constituci\u00f3n argentina, y se trata de recursos que ya estaban presupuestados por las provincias en sus respectivas leyes de Presupuesto\u201d.<\/p>\n<p>Se trata de \u201cprovincias que han cumplido a rajatabla con el R\u00e9gimen de Responsabilidad Fiscal y con todos los pactos fiscales que se han venido sancionando a lo largo de estos a\u00f1os. As\u00ed que estamos a la espera de que el gobierno revise la liquidaci\u00f3n practicada\u201d, concluy\u00f3 el fiscal de Estado.<\/p>\n","protected":false},"excerpt":{"rendered":"<p>La provincia present\u00f3 un escrito firmado por el gobernador Gustavo Bordet, ante la Corte Suprema de Justicia, planteando discrepancia con la compensaci\u00f3n que debe recibir del gobierno nacional. Adem\u00e1s, solicit\u00f3 que revea el monto y que la Comisi\u00f3n Federal de Impuestos garantice el cumplimiento &nbsp; &nbsp; La presentaci\u00f3n de la provincia se interpuso este jueves y fue acordada en una reuni\u00f3n que mantuvieron ministros de Econom\u00eda, entre los que estuvo el titular de la cartera entrerriana, Hugo Ballay, en la sede de la Comisi\u00f3n Federal de Impuestos, en Buenos Aires&#8230;.<\/p>\n","protected":false},"author":3,"featured_media":53372,"comment_status":"closed","ping_status":"closed","sticky":false,"template":"","format":"standard","meta":[],"categories":[15],"tags":[],"_links":{"self":[{"href":"https:\/\/www.actualidadadiario.com\/index.php\/wp-json\/wp\/v2\/posts\/53371"}],"collection":[{"href":"https:\/\/www.actualidadadiario.com\/index.php\/wp-json\/wp\/v2\/posts"}],"about":[{"href":"https:\/\/www.actualidadadiario.com\/index.php\/wp-json\/wp\/v2\/types\/post"}],"author":[{"embeddable":true,"href":"https:\/\/www.actualidadadiario.com\/index.php\/wp-json\/wp\/v2\/users\/3"}],"replies":[{"embeddable":true,"href":"https:\/\/www.actualidadadiario.com\/index.php\/wp-json\/wp\/v2\/comments?post=53371"}],"version-history":[{"count":1,"href":"https:\/\/www.actualidadadiario.com\/index.php\/wp-json\/wp\/v2\/posts\/53371\/revisions"}],"predecessor-version":[{"id":53373,"href":"https:\/\/www.actualidadadiario.com\/index.php\/wp-json\/wp\/v2\/posts\/53371\/revisions\/53373"}],"wp:featuredmedia":[{"embeddable":true,"href":"https:\/\/www.actualidadadiario.com\/index.php\/wp-json\/wp\/v2\/media\/53372"}],"wp:attachment":[{"href":"https:\/\/www.actualidadadiario.com\/index.php\/wp-json\/wp\/v2\/media?parent=53371"}],"wp:term":[{"taxonomy":"category","embeddable":true,"href":"https:\/\/www.actualidadadiario.com\/index.php\/wp-json\/wp\/v2\/categories?post=53371"},{"taxonomy":"post_tag","embeddable":true,"href":"https:\/\/www.actualidadadiario.com\/index.php\/wp-json\/wp\/v2\/tags?post=53371"}],"curies":[{"name":"wp","href":"https:\/\/api.w.org\/{rel}","templated":true}]}}