{"id":53368,"date":"2019-11-01T10:13:08","date_gmt":"2019-11-01T13:13:08","guid":{"rendered":"https:\/\/www.actualidadadiario.com\/?p=53368"},"modified":"2019-11-01T10:13:08","modified_gmt":"2019-11-01T13:13:08","slug":"desde-2015-el-pj-entre-rios-perdio-tres-legisladores-nacionales","status":"publish","type":"post","link":"https:\/\/www.actualidadadiario.com\/index.php\/2019\/11\/01\/desde-2015-el-pj-entre-rios-perdio-tres-legisladores-nacionales\/","title":{"rendered":"Desde 2015, el PJ Entre R\u00edos perdi\u00f3 tres legisladores nacionales"},"content":{"rendered":"<p style=\"text-align: center;\"><em><strong>La presencia del justicialismo entrerriano en el Congreso Nacional ha ido mermando desde las elecciones del 2015 hasta la del \u00faltimo domingo de manera marcada: en cada uno de los comicios donde se produjo una renovaci\u00f3n parcial de las C\u00e1maras de Diputados o de Senadores, perdi\u00f3 una representaci\u00f3n<\/strong><\/em><\/p>\n<p>&nbsp;<\/p>\n<p>&nbsp;<\/p>\n<p>El 25 de octubre de 2015, el peronismo entrerriano pon\u00eda en juego las tres bancas que hab\u00eda obtenido con los resultados hist\u00f3ricos de la reelecci\u00f3n de Cristina Fern\u00e1ndez de Kirchner como presidenta y Sergio Urribarri como gobernador cuatro a\u00f1os antes y que correspondieron a Julio Solanas; Liliana R\u00edos y Osvaldo Elorriaga. S\u00f3lo logr\u00f3 renovar dos (Solanas y Juan Manuel Huss), debido a una elecci\u00f3n m\u00e1s pareja frente a la alianza Cambiemos.<\/p>\n<p>Ya con Mauricio Macri en la Casa Rosada, el 22 de octubre de 2017 se votaba la renovaci\u00f3n de los diputados nacionales electos en 2013. El PJ Entre R\u00edos hab\u00eda obtenido tres de los cinco lugares en pugna en aquellos comicios (luego de una serie de corrimientos, correspondieron a Carolina Gaillard; Lautaro Gervasoni y Jorge Barreto). La votaci\u00f3n nuevamente favoreci\u00f3 a Cambiemos y el peronismo entrerriano s\u00f3lo logr\u00f3 ubicar a Mayda Cresto y a Juan Jos\u00e9 Bahillo en la C\u00e1mara.<\/p>\n<p>El \u00faltimo domingo, el justicialismo entrerriano intent\u00f3 renovar dos lugares en Diputados y otros tantos en el Senado de la Naci\u00f3n. Alcanz\u00f3 el primer objetivo aunque no el segundo. El resultado del escrutinio definitivo confirm\u00f3 una diferencia m\u00ednima a favor de Juntos por el Cambio que le permitir\u00e1 a Alfredo de \u00c1ngeli y a Stella Olalla ser senadores nacionales hasta el 2025. El \u00fanico representante en la C\u00e1mara alta del peronismo local ser\u00e1 el actual secretario General de la Gobernaci\u00f3n, Edgardo Kueider.<\/p>\n","protected":false},"excerpt":{"rendered":"<p>La presencia del justicialismo entrerriano en el Congreso Nacional ha ido mermando desde las elecciones del 2015 hasta la del \u00faltimo domingo de manera marcada: en cada uno de los comicios donde se produjo una renovaci\u00f3n parcial de las C\u00e1maras de Diputados o de Senadores, perdi\u00f3 una representaci\u00f3n &nbsp; &nbsp; El 25 de octubre de 2015, el peronismo entrerriano pon\u00eda en juego las tres bancas que hab\u00eda obtenido con los resultados hist\u00f3ricos de la reelecci\u00f3n de Cristina Fern\u00e1ndez de Kirchner como presidenta y Sergio Urribarri como gobernador cuatro a\u00f1os antes&#8230;<\/p>\n","protected":false},"author":3,"featured_media":53369,"comment_status":"closed","ping_status":"closed","sticky":false,"template":"","format":"standard","meta":[],"categories":[9],"tags":[],"_links":{"self":[{"href":"https:\/\/www.actualidadadiario.com\/index.php\/wp-json\/wp\/v2\/posts\/53368"}],"collection":[{"href":"https:\/\/www.actualidadadiario.com\/index.php\/wp-json\/wp\/v2\/posts"}],"about":[{"href":"https:\/\/www.actualidadadiario.com\/index.php\/wp-json\/wp\/v2\/types\/post"}],"author":[{"embeddable":true,"href":"https:\/\/www.actualidadadiario.com\/index.php\/wp-json\/wp\/v2\/users\/3"}],"replies":[{"embeddable":true,"href":"https:\/\/www.actualidadadiario.com\/index.php\/wp-json\/wp\/v2\/comments?post=53368"}],"version-history":[{"count":1,"href":"https:\/\/www.actualidadadiario.com\/index.php\/wp-json\/wp\/v2\/posts\/53368\/revisions"}],"predecessor-version":[{"id":53370,"href":"https:\/\/www.actualidadadiario.com\/index.php\/wp-json\/wp\/v2\/posts\/53368\/revisions\/53370"}],"wp:featuredmedia":[{"embeddable":true,"href":"https:\/\/www.actualidadadiario.com\/index.php\/wp-json\/wp\/v2\/media\/53369"}],"wp:attachment":[{"href":"https:\/\/www.actualidadadiario.com\/index.php\/wp-json\/wp\/v2\/media?parent=53368"}],"wp:term":[{"taxonomy":"category","embeddable":true,"href":"https:\/\/www.actualidadadiario.com\/index.php\/wp-json\/wp\/v2\/categories?post=53368"},{"taxonomy":"post_tag","embeddable":true,"href":"https:\/\/www.actualidadadiario.com\/index.php\/wp-json\/wp\/v2\/tags?post=53368"}],"curies":[{"name":"wp","href":"https:\/\/api.w.org\/{rel}","templated":true}]}}