{"id":53362,"date":"2019-10-31T10:23:00","date_gmt":"2019-10-31T13:23:00","guid":{"rendered":"https:\/\/www.actualidadadiario.com\/?p=53362"},"modified":"2019-10-31T10:23:00","modified_gmt":"2019-10-31T13:23:00","slug":"pinera-se-deconstruye-investigara-excesos-policiales-y-priorizara-la-agenda-social","status":"publish","type":"post","link":"https:\/\/www.actualidadadiario.com\/index.php\/2019\/10\/31\/pinera-se-deconstruye-investigara-excesos-policiales-y-priorizara-la-agenda-social\/","title":{"rendered":"Pi\u00f1era se deconstruye: investigar\u00e1 excesos policiales y priorizar\u00e1 la agenda social"},"content":{"rendered":"<p style=\"text-align: center;\"><em><strong>El presidente chileno dijo que no descarta una reforma constitucional pero que en el tope de su agenda est\u00e1 atender las necesidades de los m\u00e1s vulnerables<\/strong><\/em><\/p>\n<p>&nbsp;<\/p>\n<p>&nbsp;<\/p>\n<p>El presidente de Chile, Sebasti\u00e1n Pi\u00f1era, se comprometi\u00f3 a profundizar las investigaciones por las denuncias sobre excesos cometidos por las fuerzas de seguridad en el marco de las protestas que desde hace 12 d\u00edas mantienen en vilo al pa\u00eds y que hoy lo obligaron a desistir de organizar las cumbres de APEC y COP25.<\/p>\n<p>Consultado sobre la posibilidad de una eventual reforma constitucional \u2013sobre la que hoy volvi\u00f3 a insistir Lamberto Cisternas, vocero de la Corte Suprema chilena\u2013Pi\u00f1era dijo que no descarta \u201cninguna reforma estructural&#8221;, aunque aclar\u00f3 que esta no es una prioridad en este momento. \u201cQueremos poner la agenda social primero, antes que la agenda pol\u00edtica. El orden por encima del caos, queremos poner la justicia por encima de la impunidad. Eso es lo que estamos trabajando. Vamos a analizar las reformas estructurales despu\u00e9s de escuchar a los chilenos\u201d, aclar\u00f3 durante una conferencia de prensa.<\/p>\n<p>&#8220;El respeto por los derechos humanos es inquebrantable&#8221;, enfatiz\u00f3 Pi\u00f1era durante la conferencia que dio despu\u00e9s de visitar a un grupo de carabineros heridos durante las manifestaciones. En esta l\u00ednea, declar\u00f3 que \u201clos excesos deben ser investigados\u201d aunque asegur\u00f3 que la gran mayor\u00eda de los agentes de seguridad actuaron de acuerdo con los protocolos y llam\u00f3 a frenar a los &#8220;violentistas&#8221; que saquearon comercios y destruyeron o incendiaron bienes p\u00fablicos y privados.<\/p>\n<p>Adem\u00e1s, Pi\u00f1era dijo que se hab\u00eda encargado personalmente de gestionar la visita a Chile de una misi\u00f3n de la alta comisionada para los derechos humanos de la ONU, que hoy inici\u00f3 sus investigaciones. Se calcula que desde el inicio de las protestas murieron 20 personas (al menos cinco de ellas por acci\u00f3n de agentes del Estado) y otros cientos resultaron heridas y m\u00e1s de 9.200 detenidas, en medio de m\u00faltiples denuncias sobre aplicaci\u00f3n de torturas, disparos contra civiles indefensos, detenciones ilegales, abusos sexuales contra apresados y otros tipos de maltratos.<\/p>\n","protected":false},"excerpt":{"rendered":"<p>El presidente chileno dijo que no descarta una reforma constitucional pero que en el tope de su agenda est\u00e1 atender las necesidades de los m\u00e1s vulnerables &nbsp; &nbsp; El presidente de Chile, Sebasti\u00e1n Pi\u00f1era, se comprometi\u00f3 a profundizar las investigaciones por las denuncias sobre excesos cometidos por las fuerzas de seguridad en el marco de las protestas que desde hace 12 d\u00edas mantienen en vilo al pa\u00eds y que hoy lo obligaron a desistir de organizar las cumbres de APEC y COP25. Consultado sobre la posibilidad de una eventual reforma&#8230;<\/p>\n","protected":false},"author":3,"featured_media":53363,"comment_status":"closed","ping_status":"closed","sticky":false,"template":"","format":"standard","meta":[],"categories":[4],"tags":[],"_links":{"self":[{"href":"https:\/\/www.actualidadadiario.com\/index.php\/wp-json\/wp\/v2\/posts\/53362"}],"collection":[{"href":"https:\/\/www.actualidadadiario.com\/index.php\/wp-json\/wp\/v2\/posts"}],"about":[{"href":"https:\/\/www.actualidadadiario.com\/index.php\/wp-json\/wp\/v2\/types\/post"}],"author":[{"embeddable":true,"href":"https:\/\/www.actualidadadiario.com\/index.php\/wp-json\/wp\/v2\/users\/3"}],"replies":[{"embeddable":true,"href":"https:\/\/www.actualidadadiario.com\/index.php\/wp-json\/wp\/v2\/comments?post=53362"}],"version-history":[{"count":1,"href":"https:\/\/www.actualidadadiario.com\/index.php\/wp-json\/wp\/v2\/posts\/53362\/revisions"}],"predecessor-version":[{"id":53364,"href":"https:\/\/www.actualidadadiario.com\/index.php\/wp-json\/wp\/v2\/posts\/53362\/revisions\/53364"}],"wp:featuredmedia":[{"embeddable":true,"href":"https:\/\/www.actualidadadiario.com\/index.php\/wp-json\/wp\/v2\/media\/53363"}],"wp:attachment":[{"href":"https:\/\/www.actualidadadiario.com\/index.php\/wp-json\/wp\/v2\/media?parent=53362"}],"wp:term":[{"taxonomy":"category","embeddable":true,"href":"https:\/\/www.actualidadadiario.com\/index.php\/wp-json\/wp\/v2\/categories?post=53362"},{"taxonomy":"post_tag","embeddable":true,"href":"https:\/\/www.actualidadadiario.com\/index.php\/wp-json\/wp\/v2\/tags?post=53362"}],"curies":[{"name":"wp","href":"https:\/\/api.w.org\/{rel}","templated":true}]}}