{"id":53359,"date":"2019-10-31T10:22:21","date_gmt":"2019-10-31T13:22:21","guid":{"rendered":"https:\/\/www.actualidadadiario.com\/?p=53359"},"modified":"2019-10-31T10:22:21","modified_gmt":"2019-10-31T13:22:21","slug":"greta-thunberg-rechazo-un-premio-internacional-y-volvio-a-cruzar-a-los-lideres-mundiales","status":"publish","type":"post","link":"https:\/\/www.actualidadadiario.com\/index.php\/2019\/10\/31\/greta-thunberg-rechazo-un-premio-internacional-y-volvio-a-cruzar-a-los-lideres-mundiales\/","title":{"rendered":"Greta Thunberg rechaz\u00f3 un premio internacional y volvi\u00f3 a cruzar a los l\u00edderes mundiales"},"content":{"rendered":"<p style=\"text-align: center;\"><em><strong>\u201cEl movimiento clim\u00e1tico no necesita m\u00e1s premios\u201d, respondi\u00f3 la activista sueca Greta Thunberg al rechazar un reconocimiento del Consejo N\u00f3rdico de 350 mil coronas danesas (52 mil d\u00f3lares). El organismo quer\u00eda premiarla por haberle dado \u201cnueva vida\u201d al debate sobre el medio ambiente a trav\u00e9s del movimiento \u201cFridaysForFuture\u201d, pero la adolescente orden\u00f3 a dos representantes del grupo de activistas a rechazar en su nombre el galard\u00f3n. Como r\u00e9plica, la ambientalista reclam\u00f3 a los pol\u00edticos y l\u00edderes poderosos que tomen en cuenta los estudios cient\u00edficos que alertan sobre el cambio clim\u00e1tico<\/strong><\/em><\/p>\n<p>&nbsp;<\/p>\n<p>&nbsp;<\/p>\n<p>Thunberg aclar\u00f3 luego en su cuenta de Instagram que estaba \u201cde viaje por California\u201d y que por eso no hab\u00eda podido asistir a la ceremonia de premiaci\u00f3n. \u201cAgradezco al Consejo N\u00f3rdico esta distinci\u00f3n, es un gran honor, pero el movimiento clim\u00e1tico no necesita m\u00e1s premios, sino que los mandatarios y pol\u00edticos escuchen a la ciencia&#8221;, dijo en un mensaje le\u00eddo en la gala anual de este organismo en Estocolmo.<\/p>\n<p>El Consejo N\u00f3rdico est\u00e1 formado por Islandia, Dinamarca, Suecia, Noruega y Finlandia, adem\u00e1s de los territorios aut\u00f3nomos daneses de Groenlandia y las Islas Feroe, y de \u00c5land (Finlandia). Isabelle y Sophia Axelsson, de la secci\u00f3n sueca de &#8220;FridaysForFuture&#8221;, fueron las encargadas de devolver la distinci\u00f3n.<\/p>\n<p>Thunberg, quien se anim\u00f3 a desafiar a los l\u00edderes mundiales que no tienen compromisos medioambientales en la ONU, record\u00f3 nuevamente que a pesar de que son \u201clos pa\u00edses que m\u00e1s pueden hacer, casi no hacen nada\u201d. \u201cAs\u00ed que hasta que no empiecen a actuar de acuerdo con lo que exige la ciencia, yo y FridaysforFuture Suecia escogemos no aceptar el premio medioambiental del Consejo N\u00f3rdico&#8221;, subray\u00f3.<\/p>\n<p>Thunberg comenz\u00f3 en septiembre de 2018 una huelga escolar frente al Parlamento sueco para pedir medidas contra el cambio clim\u00e1tico, que inspir\u00f3 un movimiento global y que la ha llevado a ser recibida por l\u00edderes mundiales y a intervenir en conferencias de alto nivel.<\/p>\n<p>La adolescente sueca abri\u00f3 en verano un per\u00edodo sab\u00e1tico para viajar a Am\u00e9rica y poder participar en la cumbre del clima que se celebr\u00f3 el mes pasado en la sede de la ONU en Nueva York , as\u00ed como en la Conferencia de las Naciones Unidas sobre el Cambio Clim\u00e1tico (COP25), que acoger\u00e1 Chile en diciembre.<\/p>\n<p>Su rechazo a viajar en avi\u00f3n para evitar emisiones contaminantes hizo que cruzara el Atl\u00e1ntico en un velero y que utilice autobuses y trenes para desplazarse por el continente americano.<\/p>\n<p>Greta Thunberg fue distinguida recientemente con el denominado Nobel Alternativo que entrega la fundaci\u00f3n sueca Right Livelihood Award y estaba nominada al Nobel de la Paz de este a\u00f1o, que finalmente se llev\u00f3 el primer ministro et\u00edope, Abiy Ahmed, por su iniciativa para resolver el conflicto fronterizo entre su pa\u00eds y Eritrea.<\/p>\n","protected":false},"excerpt":{"rendered":"<p>\u201cEl movimiento clim\u00e1tico no necesita m\u00e1s premios\u201d, respondi\u00f3 la activista sueca Greta Thunberg al rechazar un reconocimiento del Consejo N\u00f3rdico de 350 mil coronas danesas (52 mil d\u00f3lares). El organismo quer\u00eda premiarla por haberle dado \u201cnueva vida\u201d al debate sobre el medio ambiente a trav\u00e9s del movimiento \u201cFridaysForFuture\u201d, pero la adolescente orden\u00f3 a dos representantes del grupo de activistas a rechazar en su nombre el galard\u00f3n. Como r\u00e9plica, la ambientalista reclam\u00f3 a los pol\u00edticos y l\u00edderes poderosos que tomen en cuenta los estudios cient\u00edficos que alertan sobre el cambio clim\u00e1tico&#8230;<\/p>\n","protected":false},"author":3,"featured_media":53360,"comment_status":"closed","ping_status":"closed","sticky":false,"template":"","format":"standard","meta":[],"categories":[4],"tags":[],"_links":{"self":[{"href":"https:\/\/www.actualidadadiario.com\/index.php\/wp-json\/wp\/v2\/posts\/53359"}],"collection":[{"href":"https:\/\/www.actualidadadiario.com\/index.php\/wp-json\/wp\/v2\/posts"}],"about":[{"href":"https:\/\/www.actualidadadiario.com\/index.php\/wp-json\/wp\/v2\/types\/post"}],"author":[{"embeddable":true,"href":"https:\/\/www.actualidadadiario.com\/index.php\/wp-json\/wp\/v2\/users\/3"}],"replies":[{"embeddable":true,"href":"https:\/\/www.actualidadadiario.com\/index.php\/wp-json\/wp\/v2\/comments?post=53359"}],"version-history":[{"count":1,"href":"https:\/\/www.actualidadadiario.com\/index.php\/wp-json\/wp\/v2\/posts\/53359\/revisions"}],"predecessor-version":[{"id":53361,"href":"https:\/\/www.actualidadadiario.com\/index.php\/wp-json\/wp\/v2\/posts\/53359\/revisions\/53361"}],"wp:featuredmedia":[{"embeddable":true,"href":"https:\/\/www.actualidadadiario.com\/index.php\/wp-json\/wp\/v2\/media\/53360"}],"wp:attachment":[{"href":"https:\/\/www.actualidadadiario.com\/index.php\/wp-json\/wp\/v2\/media?parent=53359"}],"wp:term":[{"taxonomy":"category","embeddable":true,"href":"https:\/\/www.actualidadadiario.com\/index.php\/wp-json\/wp\/v2\/categories?post=53359"},{"taxonomy":"post_tag","embeddable":true,"href":"https:\/\/www.actualidadadiario.com\/index.php\/wp-json\/wp\/v2\/tags?post=53359"}],"curies":[{"name":"wp","href":"https:\/\/api.w.org\/{rel}","templated":true}]}}