{"id":53353,"date":"2019-10-31T10:20:59","date_gmt":"2019-10-31T13:20:59","guid":{"rendered":"https:\/\/www.actualidadadiario.com\/?p=53353"},"modified":"2019-10-31T10:20:59","modified_gmt":"2019-10-31T13:20:59","slug":"el-drama-de-las-comunidades-indigenas-del-amazonas-venezolano-sus-ninos-se-estan-muriendo","status":"publish","type":"post","link":"https:\/\/www.actualidadadiario.com\/index.php\/2019\/10\/31\/el-drama-de-las-comunidades-indigenas-del-amazonas-venezolano-sus-ninos-se-estan-muriendo\/","title":{"rendered":"El drama de las comunidades ind\u00edgenas del Amazonas venezolano: sus ni\u00f1os se est\u00e1n muriendo"},"content":{"rendered":"<p style=\"text-align: center;\"><em><strong>El Observatorio de derechos ind\u00edgenas Kap\u00e9 Kap\u00e9 alert\u00f3 que en s\u00f3lo una semana fallecieron cuatro peque\u00f1os, varios de la comunidad Jivi, ubicada al sur del pa\u00eds. C\u00f3mo viven y qu\u00e9 peligros enfrentan ante el auge de la miner\u00eda y la falta de medicinas y personal<\/strong><\/em><\/p>\n<p>&nbsp;<\/p>\n<p>&nbsp;<\/p>\n<p>El Observatorio de derechos ind\u00edgenas Kap\u00e9 Kap\u00e9 est\u00e1 alarmado ante el fallecimiento, en solo una semana, de cuatro ni\u00f1os ind\u00edgenas, varios de la comunidad Jivi, ubicada al sur de Venezuela en el estado Amazonas y de los cuales apenas quedaban 20.020 seg\u00fan el \u00faltimo censo del Instituto Nacional de Estad\u00edstica de 2011.<\/p>\n<p>El licenciado Sime\u00f3n Rojas, uno de los investigadores del observatorio mencionado, confirm\u00f3 la informaci\u00f3n. \u201cLa mortalidad de ni\u00f1os ind\u00edgenas se ha vuelto recurrente en Amazonas. Uno de los elementos es la desnutrici\u00f3n en las comunidades ind\u00edgenas y no hay capacidad de las instituciones del Estado para responder esos casos. Tampoco hay campa\u00f1as de promoci\u00f3n de salud y prevenci\u00f3n en comunidades ind\u00edgenas\u201d.<\/p>\n<p>El primer infante falleci\u00f3 el viernes 18 de octubre. Seg\u00fan la investigaci\u00f3n de Kap\u00e9 Kap\u00e9, se trat\u00f3 de una ni\u00f1a de 7 a\u00f1os de edad, habitante del sector Algodonera 1, en la poblaci\u00f3n de Puerto P\u00e1ez, municipio Pedro Camejo del estado Apure. \u201cSeg\u00fan el parte m\u00e9dico, muri\u00f3 por insuficiencia respiratoria. Seg\u00fan informaci\u00f3n adicional, la ni\u00f1a tambi\u00e9n presentaba un estado evidente de desnutrici\u00f3n\u201d, rese\u00f1a el Observatorio.<\/p>\n<p>El lunes 21 de octubre murieron tres ni\u00f1os m\u00e1s. Uno de los peque\u00f1os del pueblo Jivi apenas ten\u00eda cinco meses de edad. \u201cFalleci\u00f3 por cardiopat\u00eda cong\u00e9nita. \u00c9l era habitante de la comunidad Econaiwa, parroquia Platanillal del municipio Atures, capital del estado Amazonas\u201d.<\/p>\n<p>Ese mismo d\u00eda tambi\u00e9n falleci\u00f3 un ni\u00f1o de tres a\u00f1os, del pueblo Baniva. \u201cLe diagnosticaron intoxicaci\u00f3n por planta e insuficiencia respiratoria, esa fue la causa de muerte\u201d. \u00c9l habitaba el sector Ojo de Agua, un asentamiento ubicado en la entrada de Puerto Ayacucho.<\/p>\n<p>El \u00faltimo de los infantes muertos es un ni\u00f1o de dos a\u00f1os del pueblo Jivi, habitante de la comunidad La Danta. \u201cPresent\u00f3 s\u00edndrome diarreico agudo. En consulta realizada por Kap\u00e9 Kap\u00e9 a un profesional de la medicina se\u00f1al\u00f3 que para que un ni\u00f1o fallezca por esa causa probablemente presentaba tambi\u00e9n desnutrici\u00f3n\u201d.<\/p>\n<p>Kap\u00e9 Kap\u00e9, que significa en pem\u00f3n \u201cvuelo de aves y mariposas\u201d, en alusi\u00f3n a la libertad, es una organizaci\u00f3n que se ocupa de la identificaci\u00f3n y abordaje de las necesidades m\u00e1s urgentes de las comunidades ind\u00edgenas: Jivis, Yekuanas, Pem\u00f3n, Piaroas y Warao, entre otros existentes en el territorio venezolano.<\/p>\n<p>Para el Observatorio se evidencia, con las muertes de esos ni\u00f1os, \u201cla falta de atenci\u00f3n primaria en comunidades ind\u00edgenas, ocasionada por la ausencia de personal especializado y de equipamiento e insumos en los ambulatorios\u201d.<\/p>\n<p>Destacan que el problema se agrava por \u201cla falta de actividades de promoci\u00f3n de salud en las comunidades. No hay quien ofrezca consejos sobre medidas de prevenci\u00f3n para sanear el agua para tomar y cocinar, sobre el lavado de manos, el control de las mujeres embarazadas y sobre la lactancia materna\u201d.<\/p>\n<p>Eso, a juicio de Kap\u00e9 Kap\u00e9, contribuye a la ocurrencia de casos que comprometen y acaban con la vida de ni\u00f1os ind\u00edgenas, por lo que solicitan del Estado y cualquier ente asistencial tomar medidas pertinentes.<\/p>\n<p>&nbsp;<\/p>\n<p><strong>No hay m\u00e9dicos<\/strong><\/p>\n<p>En el ambulatorio que hay en la comunidad ind\u00edgena Jivi de Rueda, parroquia Platanillal, municipio \u00c1tures, no hay m\u00e9dico desde hace tres a\u00f1os, revel\u00f3 el Observatorio cuando hablaron con Wilmer Rodr\u00edguez, quien es l\u00edder y profesor en esa comunidad. \u201cSolamente tienen un enfermero porque es habitante de la comunidad y no cuentan con ning\u00fan tipo de insumo, ni medicamentos para atender a los pacientes enfermos de su zona\u201d, porque desde hace cuatro a\u00f1os el ambulatorio no recibe dotaci\u00f3n. Cuando se requiere asistencia m\u00e9dica deben llamar a la capital del estado, Puerto Ayacucho, para que env\u00eden la ambulancia o los habitantes se las ingenian para trasladar al paciente.<\/p>\n<p>En el caso del municipio Autana, las comunidades ind\u00edgenas del eje Samariapo-Morganito, no cuentan con ambulatorio, por lo que ante una emergencia se traslada al ambulatorio de Samariapo o Isla de Rat\u00f3n. La otra opci\u00f3n es ir hasta la comunidad Campo Florido, pero no hay m\u00e9dico.<\/p>\n<p>Kap\u00e9 Kap\u00e9 asegura que el Director Regional de Salud de Amazonas, Jos\u00e9 Ram\u00f3n Moreno, reconoci\u00f3 que la crisis econ\u00f3mica provoc\u00f3 el \u201cdesmantelamiento\u201d del sistema de salud, pues el personal que atend\u00eda los ambulatorios se fue para otros pa\u00edses.<\/p>\n<p>&nbsp;<\/p>\n<p><strong>Estudio de salud 2019<\/strong><\/p>\n<p>El Informe de Salud y Enfermedades End\u00e9micas en Comunidades Ind\u00edgenas 2019 que hizo Kap\u00e9 Kap\u00e9, tuvo como equipo investigador a Henry G\u00f3mez, Higinio Montiel, \u00cdtalo Pizarro, Jos\u00e9 Naveda, Melquiadez \u00c1vila y Sime\u00f3n Rojas. Ah\u00ed, revelan que \u201cla desnutrici\u00f3n infantil, la mortalidad de ni\u00f1os a causa de \u00e9sta \u00faltima, las enfermedades virales y de la piel, la creciente contaminaci\u00f3n ambiental en estos territorios, son aspectos que no solo colocan en riesgo la vida de los habitantes de los pueblos ind\u00edgenas, adem\u00e1s amenazan la vida de etnias que son parte fundamental de nuestra historia y patrimonio cultural\u201d.<\/p>\n<p>Destacan el \u201cprogresivo aumento y propagaci\u00f3n de enfermedades end\u00e9micas\u201d, entre ellas la malaria, una de las que causa mayor preocupaci\u00f3n. \u201cEsta enfermedad, presente espec\u00edficamente en los estados del sur, ha tenido como causa principal la propagaci\u00f3n de la miner\u00eda ilegal del Oro, pues la extracci\u00f3n de dicho mineral debajo del monte tropical y el continuo contacto de los mineros con dep\u00f3sitos de agua contaminados constituyen el espacio ideal para la reproducci\u00f3n de mosquitos, y el consecuente contagio de la enfermedad\u201d.<\/p>\n<p>Muchos de los ind\u00edgenas que han migrado de sus territorios hacia las minas, en busca de mejores fuentes de ingresos, han contra\u00eddo malaria. \u201cOtras de las enfermedades que hoy son fuente de preocupaci\u00f3n en las comunidades ind\u00edgenas, son las de tipo digestivo, enfermedades de la piel, la desnutrici\u00f3n, entre otras, las cuales han sido producto de la imperante contaminaci\u00f3n que existe en los territorios ind\u00edgenas\u201d.<\/p>\n","protected":false},"excerpt":{"rendered":"<p>El Observatorio de derechos ind\u00edgenas Kap\u00e9 Kap\u00e9 alert\u00f3 que en s\u00f3lo una semana fallecieron cuatro peque\u00f1os, varios de la comunidad Jivi, ubicada al sur del pa\u00eds. C\u00f3mo viven y qu\u00e9 peligros enfrentan ante el auge de la miner\u00eda y la falta de medicinas y personal &nbsp; &nbsp; El Observatorio de derechos ind\u00edgenas Kap\u00e9 Kap\u00e9 est\u00e1 alarmado ante el fallecimiento, en solo una semana, de cuatro ni\u00f1os ind\u00edgenas, varios de la comunidad Jivi, ubicada al sur de Venezuela en el estado Amazonas y de los cuales apenas quedaban 20.020 seg\u00fan el&#8230;<\/p>\n","protected":false},"author":3,"featured_media":53354,"comment_status":"closed","ping_status":"closed","sticky":false,"template":"","format":"standard","meta":[],"categories":[4],"tags":[],"_links":{"self":[{"href":"https:\/\/www.actualidadadiario.com\/index.php\/wp-json\/wp\/v2\/posts\/53353"}],"collection":[{"href":"https:\/\/www.actualidadadiario.com\/index.php\/wp-json\/wp\/v2\/posts"}],"about":[{"href":"https:\/\/www.actualidadadiario.com\/index.php\/wp-json\/wp\/v2\/types\/post"}],"author":[{"embeddable":true,"href":"https:\/\/www.actualidadadiario.com\/index.php\/wp-json\/wp\/v2\/users\/3"}],"replies":[{"embeddable":true,"href":"https:\/\/www.actualidadadiario.com\/index.php\/wp-json\/wp\/v2\/comments?post=53353"}],"version-history":[{"count":1,"href":"https:\/\/www.actualidadadiario.com\/index.php\/wp-json\/wp\/v2\/posts\/53353\/revisions"}],"predecessor-version":[{"id":53355,"href":"https:\/\/www.actualidadadiario.com\/index.php\/wp-json\/wp\/v2\/posts\/53353\/revisions\/53355"}],"wp:featuredmedia":[{"embeddable":true,"href":"https:\/\/www.actualidadadiario.com\/index.php\/wp-json\/wp\/v2\/media\/53354"}],"wp:attachment":[{"href":"https:\/\/www.actualidadadiario.com\/index.php\/wp-json\/wp\/v2\/media?parent=53353"}],"wp:term":[{"taxonomy":"category","embeddable":true,"href":"https:\/\/www.actualidadadiario.com\/index.php\/wp-json\/wp\/v2\/categories?post=53353"},{"taxonomy":"post_tag","embeddable":true,"href":"https:\/\/www.actualidadadiario.com\/index.php\/wp-json\/wp\/v2\/tags?post=53353"}],"curies":[{"name":"wp","href":"https:\/\/api.w.org\/{rel}","templated":true}]}}